{"id":4683,"date":"2013-10-17T22:09:36","date_gmt":"2013-10-17T22:09:36","guid":{"rendered":"http:\/\/fram.is\/?p=4683"},"modified":"2013-10-17T22:09:36","modified_gmt":"2013-10-17T22:09:36","slug":"tap-fyrir-godu-lidi-fh-kvold","status":"publish","type":"post","link":"https:\/\/fram.is\/is\/2013\/10\/17\/tap-fyrir-godu-lidi-fh-kvold\/","title":{"rendered":"Tap fyrir g\u00f3\u00f0u li\u00f0i FH \u00ed kv\u00f6ld"},"content":{"rendered":"<p>\u00dea\u00f0 gekk ekki vel hj\u00e1 str\u00e1kunum okkar \u00ed kv\u00f6ld \u00feegar vi\u00f0 m\u00e6ttum fimleikaf\u00e9laginu \u00far Hafnarfir\u00f0i \u00ed kv\u00f6ld. \u00dea\u00f0 m\u00e1 segja a\u00f0 FRAM li\u00f0i\u00f0 hafi \u00a0aldrei n\u00e1\u00f0 s\u00e9r \u00e1 strik og \u00ed raun, m\u00e6ttu \u00feeir ofj\u00f6rlum s\u00ednum a\u00f0 \u00feessu sinni.\u00a0 FH haf\u00f0i t\u00f6gl og haldir \u00ed leiknum fr\u00e1 fyrstu m\u00edn\u00fatu \u00fe\u00f3 \u00a0okkar menn hafi hangi\u00f0 a\u00f0eins inni \u00ed leiknum framan af.\u00a0 \u00cd st\u00f6\u00f0unni 10-8 m\u00e1 segja a\u00f0 FH hafi teki\u00f0 \u00f6ll v\u00f6ld \u00e1 vellinum og sta\u00f0an \u00ed h\u00e1lfleik 14-8.<\/p>\n<p>S\u00ed\u00f0ari h\u00e1lfleikur var algj\u00f6r einstefna, s\u00f3knarleikur og v\u00f6<a href=\"http:\/\/fram.is\/wp-content\/uploads\/2013\/04\/Fram-Valur-061212c.jpg\"><img fetchpriority=\"high\" decoding=\"async\" class=\"alignright size-medium wp-image-2727\" alt=\"Fram-Valur 061212c\" src=\"http:\/\/fram.is\/wp-content\/uploads\/2013\/04\/Fram-Valur-061212c-300x213.jpg\" width=\"300\" height=\"213\" srcset=\"https:\/\/fram.is\/wp-content\/uploads\/2013\/04\/Fram-Valur-061212c-300x213.jpg 300w, https:\/\/fram.is\/wp-content\/uploads\/2013\/04\/Fram-Valur-061212c.jpg 566w\" sizes=\"(max-width: 300px) 100vw, 300px\" \/><\/a>rn FRAM var einfaldlega ekki \u00ed lagi og FH li\u00f0i\u00f0 gekk \u00e1 lagi\u00f0 og vann \u00f6ruggan sigur \u00ed leiknum 34-18, ekki miki\u00f0 meira um \u00fea\u00f0 a\u00f0 segja.<\/p>\n<p>Mikilv\u00e6gt fyrir okkar drengi a\u00f0 dvelja ekki lengi vi\u00f0 \u00feennan leik heldur m\u00e6ta spr\u00e6kir \u00e1 \u00e6fingu \u00e1 morgun og undirb\u00faa sig vel fyrir n\u00e6sta leik. \u00deetta er enginn heimsendir og n\u00fa er bara a\u00f0 sn\u00faa b\u00f6kum saman og halda \u00e1fram.<\/p>\n<p>\u00c1FRAM FRAM<\/p>","protected":false},"excerpt":{"rendered":"<p>\u00dea\u00f0 gekk ekki vel hj\u00e1 str\u00e1kunum okkar \u00ed kv\u00f6ld \u00feegar vi\u00f0 m\u00e6ttum fimleikaf\u00e9laginu \u00far Hafnarfir\u00f0i \u00ed kv\u00f6ld. \u00dea\u00f0 m\u00e1 segja a\u00f0 FRAM li\u00f0i\u00f0 hafi \u00a0aldrei n\u00e1\u00f0 s\u00e9r \u00e1 strik og [&hellip;]<\/p>","protected":false},"author":4,"featured_media":4337,"comment_status":"open","ping_status":"open","sticky":false,"template":"","format":"standard","meta":{"_monsterinsights_skip_tracking":false,"_monsterinsights_sitenote_active":false,"_monsterinsights_sitenote_note":"","_monsterinsights_sitenote_category":0,"_jetpack_memberships_contains_paid_content":false,"footnotes":""},"categories":[6,10,19],"tags":[],"class_list":["post-4683","post","type-post","status-publish","format-standard","has-post-thumbnail","hentry","category-handbolti","category-frettir","category-mfl-karla"],"jetpack_sharing_enabled":true,"jetpack_featured_media_url":"https:\/\/fram.is\/wp-content\/uploads\/2013\/09\/OJM001-fors.jpg","_links":{"self":[{"href":"https:\/\/fram.is\/is\/wp-json\/wp\/v2\/posts\/4683","targetHints":{"allow":["GET"]}}],"collection":[{"href":"https:\/\/fram.is\/is\/wp-json\/wp\/v2\/posts"}],"about":[{"href":"https:\/\/fram.is\/is\/wp-json\/wp\/v2\/types\/post"}],"author":[{"embeddable":true,"href":"https:\/\/fram.is\/is\/wp-json\/wp\/v2\/users\/4"}],"replies":[{"embeddable":true,"href":"https:\/\/fram.is\/is\/wp-json\/wp\/v2\/comments?post=4683"}],"version-history":[{"count":0,"href":"https:\/\/fram.is\/is\/wp-json\/wp\/v2\/posts\/4683\/revisions"}],"wp:featuredmedia":[{"embeddable":true,"href":"https:\/\/fram.is\/is\/wp-json\/wp\/v2\/media\/4337"}],"wp:attachment":[{"href":"https:\/\/fram.is\/is\/wp-json\/wp\/v2\/media?parent=4683"}],"wp:term":[{"taxonomy":"category","embeddable":true,"href":"https:\/\/fram.is\/is\/wp-json\/wp\/v2\/categories?post=4683"},{"taxonomy":"post_tag","embeddable":true,"href":"https:\/\/fram.is\/is\/wp-json\/wp\/v2\/tags?post=4683"}],"curies":[{"name":"wp","href":"https:\/\/api.w.org\/{rel}","templated":true}]}}