{"id":4686,"date":"2013-10-17T23:00:08","date_gmt":"2013-10-17T23:00:08","guid":{"rendered":"http:\/\/fram.is\/?p=4686"},"modified":"2013-10-17T23:00:08","modified_gmt":"2013-10-17T23:00:08","slug":"stefan-darri-handarbrotinn","status":"publish","type":"post","link":"https:\/\/fram.is\/is\/2013\/10\/17\/stefan-darri-handarbrotinn\/","title":{"rendered":"Stef\u00e1n Darri handarbrotinn"},"content":{"rendered":"<p><a href=\"http:\/\/fram.is\/wp-content\/uploads\/2013\/10\/Sef\u00e1n-Darri.jpg\"><img fetchpriority=\"high\" decoding=\"async\" class=\"alignright size-medium wp-image-4687\" alt=\"Sef\u00e1n Darri\" src=\"http:\/\/fram.is\/wp-content\/uploads\/2013\/10\/Sef\u00e1n-Darri-300x236.jpg\" width=\"300\" height=\"236\" \/><\/a>Stef\u00e1n Darri \u00de\u00f3rsson leikma\u00f0ur FRAM var\u00f0 fyrir \u00fev\u00ed \u00f3l\u00e1ni a\u00f0 handarbrotna \u00ed leiknum gegn FH \u00ed kv\u00f6ld.<br \/>\n\u00deetta \u00fe\u00fd\u00f0ir a\u00f0 drengurinn ver\u00f0ur fr\u00e1 keppni n\u00e6stu vikurnar og er \u00fea\u00f0 vont fyrir okkar menn a\u00f0 ver\u00f0a \u00e1n Stef\u00e1ns Darra \u00ed n\u00e6stu leikjum li\u00f0sins. Vi\u00f0 \u00f3skum drengnum g\u00f3\u00f0s bata og hann m\u00e6tir tv\u00edelfdur eftir nokkrar viku ef allt gengur vel.<\/p>\n<p>\u00c1FRAM FRAM<\/p>","protected":false},"excerpt":{"rendered":"<p>Stef\u00e1n Darri \u00de\u00f3rsson leikma\u00f0ur FRAM var\u00f0 fyrir \u00fev\u00ed \u00f3l\u00e1ni a\u00f0 handarbrotna \u00ed leiknum gegn FH \u00ed kv\u00f6ld. \u00deetta \u00fe\u00fd\u00f0ir a\u00f0 drengurinn ver\u00f0ur fr\u00e1 keppni n\u00e6stu vikurnar og er \u00fea\u00f0 vont [&hellip;]<\/p>","protected":false},"author":4,"featured_media":4694,"comment_status":"open","ping_status":"open","sticky":false,"template":"","format":"standard","meta":{"_monsterinsights_skip_tracking":false,"_monsterinsights_sitenote_active":false,"_monsterinsights_sitenote_note":"","_monsterinsights_sitenote_category":0,"_jetpack_memberships_contains_paid_content":false,"footnotes":""},"categories":[6,10,19],"tags":[],"class_list":["post-4686","post","type-post","status-publish","format-standard","has-post-thumbnail","hentry","category-handbolti","category-frettir","category-mfl-karla"],"jetpack_sharing_enabled":true,"jetpack_featured_media_url":"https:\/\/fram.is\/wp-content\/uploads\/2013\/10\/Stef\u00e1n-darri-vefur.jpg","_links":{"self":[{"href":"https:\/\/fram.is\/is\/wp-json\/wp\/v2\/posts\/4686","targetHints":{"allow":["GET"]}}],"collection":[{"href":"https:\/\/fram.is\/is\/wp-json\/wp\/v2\/posts"}],"about":[{"href":"https:\/\/fram.is\/is\/wp-json\/wp\/v2\/types\/post"}],"author":[{"embeddable":true,"href":"https:\/\/fram.is\/is\/wp-json\/wp\/v2\/users\/4"}],"replies":[{"embeddable":true,"href":"https:\/\/fram.is\/is\/wp-json\/wp\/v2\/comments?post=4686"}],"version-history":[{"count":0,"href":"https:\/\/fram.is\/is\/wp-json\/wp\/v2\/posts\/4686\/revisions"}],"wp:featuredmedia":[{"embeddable":true,"href":"https:\/\/fram.is\/is\/wp-json\/wp\/v2\/media\/4694"}],"wp:attachment":[{"href":"https:\/\/fram.is\/is\/wp-json\/wp\/v2\/media?parent=4686"}],"wp:term":[{"taxonomy":"category","embeddable":true,"href":"https:\/\/fram.is\/is\/wp-json\/wp\/v2\/categories?post=4686"},{"taxonomy":"post_tag","embeddable":true,"href":"https:\/\/fram.is\/is\/wp-json\/wp\/v2\/tags?post=4686"}],"curies":[{"name":"wp","href":"https:\/\/api.w.org\/{rel}","templated":true}]}}