{"id":4701,"date":"2013-10-19T14:43:17","date_gmt":"2013-10-19T14:43:17","guid":{"rendered":"http:\/\/fram.is\/?p=4701"},"modified":"2013-10-19T14:43:17","modified_gmt":"2013-10-19T14:43:17","slug":"arnthor-ari-atlason-til-lid-svid-fram","status":"publish","type":"post","link":"https:\/\/fram.is\/is\/2013\/10\/19\/arnthor-ari-atlason-til-lid-svid-fram\/","title":{"rendered":"Arn\u00fe\u00f3r Ari Atlason til li\u00f0s vi\u00f0 Fram"},"content":{"rendered":"<p><a href=\"http:\/\/fram.is\/wp-content\/uploads\/2013\/10\/Arn\u00de\u00f3r-Ari.jpg\"><img fetchpriority=\"high\" decoding=\"async\" class=\"alignright size-medium wp-image-4702\" alt=\"OLYMPUS DIGITAL CAMERA\" src=\"http:\/\/fram.is\/wp-content\/uploads\/2013\/10\/Arn\u00de\u00f3r-Ari-298x300.jpg\" width=\"298\" height=\"300\" \/><\/a>Fram ger\u00f0i \u00ed dag samning til eins \u00e1rs vi\u00f0 Arn\u00fe\u00f3r Ara Atlason sem er tv\u00edtugur mi\u00f0juma\u00f0ur, leikma\u00f0urinn kemur a\u00f0 l\u00e1ni fr\u00e1 \u00der\u00f3tti. Arn\u00fe\u00f3r Ari hefur allan sinn feril leiki\u00f0 me\u00f0 \u00der\u00f3tti en \u00fer\u00e1tt fyrir ungan aldur \u00e1 hann a\u00f0 baki 70 leiki me\u00f0 f\u00e9laginu \u00ed deild og bikar. Hann hefur veri\u00f0 fastama\u00f0ur \u00ed li\u00f0i \u00der\u00f3ttar fr\u00e1 18 \u00e1ra aldri. Hann hefur auk \u00feess leiki\u00f0 tvo leiki me\u00f0 U19 \u00e1ra li\u00f0i \u00cdslands. Arn\u00fe\u00f3r Ari segist mj\u00f6g s\u00e1ttur me\u00f0 a\u00f0 vera kominn \u00ed Fram. \u201e\u00c9g er sannf\u00e6r\u00f0ur um a\u00f0 \u00feetta er r\u00e9tt skref \u00e1 m\u00ednum ferli. H\u00e9r er \u00e9g kominn \u00e1 sta\u00f0 \u00fear sem \u00e9g get \u00feroskast sem knattspyrnuma\u00f0ur auk \u00feess sem m\u00e9r l\u00edst afar vel \u00e1 n\u00fdja \u00fej\u00e1lfarann og \u00fe\u00e1 stefnu Fram a\u00f0 setja meiri \u00e1byrg\u00f0 \u00e1 yngri leikmenn.<br \/>\n\u00c9g hlakka miki\u00f0 til a\u00f0 byrja a\u00f0 \u00e6fa.\u201c<\/p>\n<p>Bjarni Gu\u00f0j\u00f3nsson \u00fej\u00e1lfari Fram segir afar \u00e1n\u00e6gjulegt a\u00f0 f\u00e1 Arn\u00fe\u00f3r Ara til li\u00f0s vi\u00f0 f\u00e9lagi\u00f0. \u201e\u00deetta er ungur og mj\u00f6g efnilegur str\u00e1kur en samt me\u00f0 mikla reynslu. Hann getur teki\u00f0 skrefi\u00f0 upp \u00e1 vi\u00f0 hj\u00e1 okkur og mi\u00f0a\u00f0 vi\u00f0 hugarfari\u00f0 hj\u00e1 honum er \u00e9g sannf\u00e6r\u00f0ur um a\u00f0 hann gerir \u00fea\u00f0.\u201c<\/p>\n<p>Knattspyrnuf\u00e9lagi\u00f0 FRAM<\/p>","protected":false},"excerpt":{"rendered":"<p>Fram ger\u00f0i \u00ed dag samning til eins \u00e1rs vi\u00f0 Arn\u00fe\u00f3r Ara Atlason sem er tv\u00edtugur mi\u00f0juma\u00f0ur, leikma\u00f0urinn kemur a\u00f0 l\u00e1ni fr\u00e1 \u00der\u00f3tti. Arn\u00fe\u00f3r Ari hefur allan sinn feril leiki\u00f0 me\u00f0 [&hellip;]<\/p>","protected":false},"author":4,"featured_media":4703,"comment_status":"open","ping_status":"open","sticky":false,"template":"","format":"standard","meta":{"_monsterinsights_skip_tracking":false,"_monsterinsights_sitenote_active":false,"_monsterinsights_sitenote_note":"","_monsterinsights_sitenote_category":0,"_jetpack_memberships_contains_paid_content":false,"footnotes":""},"categories":[11,10,9],"tags":[],"class_list":["post-4701","post","type-post","status-publish","format-standard","has-post-thumbnail","hentry","category-mflkarla","category-frettir","category-fotbolti"],"jetpack_sharing_enabled":true,"jetpack_featured_media_url":"https:\/\/fram.is\/wp-content\/uploads\/2013\/10\/Arn\u00de\u00f3r-Ari-vefur-scaled.jpg","_links":{"self":[{"href":"https:\/\/fram.is\/is\/wp-json\/wp\/v2\/posts\/4701","targetHints":{"allow":["GET"]}}],"collection":[{"href":"https:\/\/fram.is\/is\/wp-json\/wp\/v2\/posts"}],"about":[{"href":"https:\/\/fram.is\/is\/wp-json\/wp\/v2\/types\/post"}],"author":[{"embeddable":true,"href":"https:\/\/fram.is\/is\/wp-json\/wp\/v2\/users\/4"}],"replies":[{"embeddable":true,"href":"https:\/\/fram.is\/is\/wp-json\/wp\/v2\/comments?post=4701"}],"version-history":[{"count":0,"href":"https:\/\/fram.is\/is\/wp-json\/wp\/v2\/posts\/4701\/revisions"}],"wp:featuredmedia":[{"embeddable":true,"href":"https:\/\/fram.is\/is\/wp-json\/wp\/v2\/media\/4703"}],"wp:attachment":[{"href":"https:\/\/fram.is\/is\/wp-json\/wp\/v2\/media?parent=4701"}],"wp:term":[{"taxonomy":"category","embeddable":true,"href":"https:\/\/fram.is\/is\/wp-json\/wp\/v2\/categories?post=4701"},{"taxonomy":"post_tag","embeddable":true,"href":"https:\/\/fram.is\/is\/wp-json\/wp\/v2\/tags?post=4701"}],"curies":[{"name":"wp","href":"https:\/\/api.w.org\/{rel}","templated":true}]}}