{"id":4720,"date":"2013-10-20T23:16:43","date_gmt":"2013-10-20T23:16:43","guid":{"rendered":"http:\/\/fram.is\/?p=4720"},"modified":"2013-10-20T23:16:43","modified_gmt":"2013-10-20T23:16:43","slug":"helgi-gudjonsson-skoradi-gegn-finnum","status":"publish","type":"post","link":"https:\/\/fram.is\/is\/2013\/10\/20\/helgi-gudjonsson-skoradi-gegn-finnum\/","title":{"rendered":"Helgi Gu\u00f0j\u00f3nsson skora\u00f0i gegn Finnum"},"content":{"rendered":"<p><a href=\"http:\/\/fram.is\/wp-content\/uploads\/2013\/10\/Helgi-Gu\u00f0j\u00f3nsson-4.-fl.ka_.-20131.jpg\"><img fetchpriority=\"high\" decoding=\"async\" class=\"alignright size-medium wp-image-4597\" alt=\"Helgi Gu\u00f0j\u00f3nsson 4. fl.ka. 2013\" src=\"http:\/\/fram.is\/wp-content\/uploads\/2013\/10\/Helgi-Gu\u00f0j\u00f3nsson-4.-fl.ka_.-20131-300x215.jpg\" width=\"300\" height=\"215\" \/><\/a>Helgi Gu\u00f0j\u00f3nsson leikma\u00f0ur FRAM heldur \u00e1fram a\u00f0 skora, drengurinn leik \u00ed g\u00e6r me\u00f0 U-15 \u00e1ra landsli\u00f0i \u00cdslands sem tekur \u00fe\u00e1tt \u00ed undankeppni fyrir \u00d3lymp\u00eduleika ungmenna en lokam\u00f3ti\u00f0 sem veri\u00f0 er a\u00f0 keppa um a\u00f0 komast \u00e1 n\u00fana fer fram \u00ed K\u00edna \u00e1 n\u00e6sta \u00e1ri. Leikurinn \u00ed g\u00e6r var gegn Finnum og var leiki\u00f0 \u00ed Swiss, Helgi skora\u00f0i fyrra mark \u00cdslands \u00ed 2-0 sigri drengjanna.<\/p>\n<p>\u00deetta \u00fe\u00fd\u00f0ir a\u00f0 str\u00e1karnir leika vi\u00f0 Mold\u00f3vu \u00e1 morgun m\u00e1nud. kl. 13:00 og er \u00fea\u00f0 hreinn \u00farslitaleikur um s\u00e6ti \u00ed lokakeppninni \u00ed K\u00edna \u00e1 n\u00e6sta \u00e1ri.\u00a0 Vi\u00f0 FRAMarar sendum \u00fev\u00ed drengjunum g\u00f3\u00f0a strauma og vonum a\u00f0 Helgi og f\u00e9lagar \u00ed U-15 ver\u00f0i \u00e1 skotsk\u00f3num og leggji allt \u00ed leikinn \u00e1 morgun.<\/p>\n<p>\u00c1FRAM \u00cdSLAND<\/p>","protected":false},"excerpt":{"rendered":"<p>Helgi Gu\u00f0j\u00f3nsson leikma\u00f0ur FRAM heldur \u00e1fram a\u00f0 skora, drengurinn leik \u00ed g\u00e6r me\u00f0 U-15 \u00e1ra landsli\u00f0i \u00cdslands sem tekur \u00fe\u00e1tt \u00ed undankeppni fyrir \u00d3lymp\u00eduleika ungmenna en lokam\u00f3ti\u00f0 sem veri\u00f0 er [&hellip;]<\/p>","protected":false},"author":4,"featured_media":4598,"comment_status":"open","ping_status":"open","sticky":false,"template":"","format":"standard","meta":{"_monsterinsights_skip_tracking":false,"_monsterinsights_sitenote_active":false,"_monsterinsights_sitenote_note":"","_monsterinsights_sitenote_category":0,"_jetpack_memberships_contains_paid_content":false,"footnotes":""},"categories":[10,9,13],"tags":[],"class_list":["post-4720","post","type-post","status-publish","format-standard","has-post-thumbnail","hentry","category-frettir","category-fotbolti","category-yngriflokkar"],"jetpack_sharing_enabled":true,"jetpack_featured_media_url":"https:\/\/fram.is\/wp-content\/uploads\/2013\/10\/Helgi-Gu\u00f0j\u00f3nsson-4.-fl.ka_.jpg","_links":{"self":[{"href":"https:\/\/fram.is\/is\/wp-json\/wp\/v2\/posts\/4720","targetHints":{"allow":["GET"]}}],"collection":[{"href":"https:\/\/fram.is\/is\/wp-json\/wp\/v2\/posts"}],"about":[{"href":"https:\/\/fram.is\/is\/wp-json\/wp\/v2\/types\/post"}],"author":[{"embeddable":true,"href":"https:\/\/fram.is\/is\/wp-json\/wp\/v2\/users\/4"}],"replies":[{"embeddable":true,"href":"https:\/\/fram.is\/is\/wp-json\/wp\/v2\/comments?post=4720"}],"version-history":[{"count":0,"href":"https:\/\/fram.is\/is\/wp-json\/wp\/v2\/posts\/4720\/revisions"}],"wp:featuredmedia":[{"embeddable":true,"href":"https:\/\/fram.is\/is\/wp-json\/wp\/v2\/media\/4598"}],"wp:attachment":[{"href":"https:\/\/fram.is\/is\/wp-json\/wp\/v2\/media?parent=4720"}],"wp:term":[{"taxonomy":"category","embeddable":true,"href":"https:\/\/fram.is\/is\/wp-json\/wp\/v2\/categories?post=4720"},{"taxonomy":"post_tag","embeddable":true,"href":"https:\/\/fram.is\/is\/wp-json\/wp\/v2\/tags?post=4720"}],"curies":[{"name":"wp","href":"https:\/\/api.w.org\/{rel}","templated":true}]}}