{"id":4722,"date":"2013-10-20T23:19:49","date_gmt":"2013-10-20T23:19:49","guid":{"rendered":"http:\/\/fram.is\/?p=4722"},"modified":"2013-10-20T23:19:49","modified_gmt":"2013-10-20T23:19:49","slug":"oruggur-sigur-fram-kathor-fyrir-nordan","status":"publish","type":"post","link":"https:\/\/fram.is\/is\/2013\/10\/20\/oruggur-sigur-fram-kathor-fyrir-nordan\/","title":{"rendered":"\u00d6ruggur sigur FRAM \u00e1 KA\/\u00de\u00f3r fyrir nor\u00f0an"},"content":{"rendered":"<p><a href=\"http:\/\/fram.is\/wp-content\/uploads\/2013\/09\/Reymeistarar2013.jpg\"><img decoding=\"async\" class=\"alignright size-medium wp-image-4321\" alt=\"Reymeistarar2013\" src=\"http:\/\/fram.is\/wp-content\/uploads\/2013\/09\/Reymeistarar2013-300x145.jpg\" width=\"300\" height=\"145\" \/><\/a>KA\u00de\u00f3r &#8211; FRAM\u00a0 20. okt\u00f3ber 2013<br \/>\nLeikmenn FRAM<br \/>\nMarkmenn:\u00a0 \u00a0\u00a0\u00a0\u00a0\u00a0\u00a0\u00a0\u00a0\u00a0\u00a0\u00a0\u00a0\u00a0\u00a0\u00a0\u00a0\u00a0\u00a0\u00a0\u00a0\u00a0 Sunneva Einarsd\u00f3ttir og Hildur Gunnarsd\u00f3ttir.<br \/>\nA\u00f0rir leikmenn:\u00a0\u00a0\u00a0\u00a0\u00a0\u00a0\u00a0\u00a0\u00a0\u00a0\u00a0\u00a0\u00a0\u00a0\u00a0\u00a0 Hulda Dagsd\u00f3ttir, Hafd\u00eds Shizuka Iura, Ragnhei\u00f0ur J\u00fal\u00edusd\u00f3ttir, \u00cdris Krist\u00ed,\u00a0\u00a0Smith, Gu\u00f0r\u00fan Jenn\u00fd Sigur\u00f0ard\u00f3ttir, Sigurbj\u00f6rg J\u00f3hannsd\u00f3ttir, Mar\u00eda\u00a0Karlsd\u00f3ttir, Steinunn Bj\u00f6rnsd\u00f3ttir og J\u00f3hanna Bj\u00f6rk Viktorsd\u00f3ttir.<\/p>\n<p>S\u00ed\u00f0b\u00fainn pistill um leik KA\u00de\u00f3r og FRAM sem f\u00f3r fram s.l. sunnudag, 20. okt\u00f3ber 2013.<\/p>\n<p>\u00dea\u00f0 var frekar \u00feunnskipa\u00f0ur h\u00f3pur meistaraflokks kvenna sem lag\u00f0i af sta\u00f0 kl. 7:30 fr\u00e1 FRAMh\u00fasinu \u00e1 sunnudagsmorgun.\u00a0 F\u00f6rinni var heiti\u00f0 nor\u00f0ur \u00e1 Akureyri til a\u00f0 leika vi\u00f0 li\u00f0 KA\u00de\u00f3rs \u00ed OL\u00cdS deild kvenna \u00ed 6. umfer\u00f0 deildarinnar.\u00a0 Vi\u00f0 t\u00f3k vi\u00f0bur\u00f0al\u00edtil fer\u00f0 nor\u00f0ur me\u00f0 hef\u00f0bundnu stoppi \u00e1 upp\u00e1haldssta\u00f0 meistarflokka kvenna, Bl\u00f6ndu\u00f3si.<\/p>\n<p>Li\u00f0 KA\u00de\u00f3rs hefur fari\u00f0 vel af sta\u00f0 \u00e1 heimavelli \u00ed OL\u00cdSdeildinni \u00ed vetur og haf\u00f0i unni\u00f0 b\u00e1\u00f0a s\u00edna heimaleiki fram a\u00f0 \u00feessum leik.<\/p>\n<p>\u00dea\u00f0 vanta\u00f0i ansi marga af leikm\u00f6nnum FRAM \u00ed h\u00f3pinn.\u00a0 \u00c1sta Birna meiddist \u00e1 \u00e6fingu \u00ed s\u00ed\u00f0ustu viku og \u00f3v\u00edst hven\u00e6r h\u00fan ver\u00f0ur leikf\u00e6r.\u00a0 Marthe var bundinn \u00ed vinnu.\u00a0 Kar\u00f3l\u00edna, Elva og Krist\u00edn allar staddar \u00ed R\u00fasslandi me\u00f0 Verslunarsk\u00f3la \u00cdslands og Hekla einnig erlendis.\u00a0 Inni h\u00f3pinn komu \u00feess \u00ed sta\u00f0 yngri leikmenn eins og \u00cdris, J\u00f3hanna, Hulda og Gu\u00f0r\u00fan Jenn\u00fd.<\/p>\n<p>Leikurinn f\u00f3r ansi fj\u00f6rlega af sta\u00f0.\u00a0 B\u00e6\u00f0i li\u00f0 s\u00f3ttu hratt og s\u00f3knirnar voru stuttar.\u00a0 Li\u00f0in skiptust \u00e1 a\u00f0 skora og eftir um 10 m\u00edn\u00fatna leik var sta\u00f0an 6 \u2013 6.\u00a0 \u00de\u00e1 sp\u00fdtti FRAM \u00ed l\u00f3fana og skora\u00f0i ein 11 m\u00f6rk \u00fea\u00f0 sem eftir lif\u00f0i h\u00e1lfleiksins me\u00f0an KA\u00de\u00f3r skora\u00f0i ekki nema 2 m\u00f6rk.\u00a0 Sta\u00f0an var \u00fev\u00ed 8 \u2013 17 \u00ed h\u00e1lfleik FRAM \u00ed vil.<\/p>\n<p>Munurinn h\u00e9lst \u00e1fram a\u00f0 aukast \u00ed upphafi seinni h\u00e1lfleiks og eftir um 10 m\u00edn\u00fatna leik \u00fe\u00e1 var sta\u00f0an or\u00f0in 11 \u2013 24.\u00a0 Heldur dr\u00f3g KA\u00de\u00f3r \u00e1 um mi\u00f0jan h\u00e1lfleikin en undir lok leiksins j\u00f3k FRAM aftur muninn og sigra\u00f0i \u00f6rugglega 21 \u2013 36.<\/p>\n<p>V\u00f6rn FRAM hef\u00f0i ef til vill m\u00e1tt vera a\u00f0eins \u00f6flugri \u00e1 k\u00f6flum \u00ed leiknum en st\u00f3\u00f0 sig annars \u00e1g\u00e6tlega.\u00a0 S\u00f3knarlega s\u00fdndi FRAM oft lj\u00f3mandi g\u00f3\u00f0an leik og f\u00e9kk fj\u00f6ldann allana af hra\u00f0aupphlaupum.\u00a0 Alls n\u00fdtti FRAM 18 hra\u00f0aupphlaup og hra\u00f0a mi\u00f0ju \u00ed leiknum.<\/p>\n<p>Sigurbj\u00f6rg f\u00f3r \u00e1 kostum \u00ed leiknum og skora\u00f0i ein 12 m\u00f6rk, \u00fear af 8 m\u00f6rk \u00far v\u00edtum.\u00a0 Annars er ekki h\u00e6gt a\u00f0 taka neinn leikmann \u00fat \u00far \u00ed leiknum.\u00a0 Li\u00f0i\u00f0 spila\u00f0i vel og var sama hver var inn\u00e1\u00a0 allir b\u00f6r\u00f0ust sem einn ma\u00f0ur.<\/p>\n<p>Sunneva var \u00ed markinu \u00ed um 45 m\u00edn\u00fatur og var\u00f0i 14 bolta og f\u00e9kk \u00e1 sig 14 m\u00f6rk e\u00f0a me\u00f0 50% markv\u00f6rslu.\u00a0 Hildur var \u00ed markinu s\u00ed\u00f0ustu 15 m\u00edn\u00faturnar og var\u00f0i 6 bolta og f\u00e9kk \u00e1 sig 7 m\u00f6rk sem gerir r\u00e9tt t\u00e6plega 50% markvarsla.<\/p>\n<p>M\u00f6rk FRAM skoru\u00f0u:\u00a0\u00a0\u00a0\u00a0 Sigurbj\u00f6rg 12 (8 \u00far v\u00edtum), Ragnhei\u00f0ur 5, Mar\u00eda 5, J\u00f3hanna 5, Steinunn 4, \u00cdris 3, Hafd\u00eds 1 og Hulda 1.<\/p>\n<p>Eftir leik var s\u00ed\u00f0an lagt af sta\u00f0 aftur su\u00f0ur og komi\u00f0 a\u00f0 FRAMh\u00fasinu vi\u00f0 Safam\u00fdri um kl. 23:00.\u00a0 Sext\u00e1n t\u00edma fer\u00f0alagi var loki\u00f0 og gott a\u00f0 \u00feessari fer\u00f0 var loki\u00f0.\u00a0 Undirrita\u00f0ur getur ekki anna\u00f0 en teki\u00f0 hatt sinn ofan fyrir li\u00f0i KA\u00de\u00f3r a\u00f0 leggja sl\u00edkt fer\u00f0alag \u00e1 sig \u00ed annarri hvorri umfer\u00f0.<\/p>\n<p>N\u00fa ver\u00f0ur sm\u00e1 hl\u00e9 \u00e1 deildinni vegna landsli\u00f0sverkefna.\u00a0 N\u00e6sti leikur er heimaleikur \u00e1 m\u00f3ti Val sem fer fram fimmtudaginn 31. okt\u00f3ber n.k.<\/p>\n<p>Vatnsberinn<\/p>","protected":false},"excerpt":{"rendered":"<p>KA\u00de\u00f3r &#8211; FRAM\u00a0 20. okt\u00f3ber 2013 Leikmenn FRAM Markmenn:\u00a0 \u00a0\u00a0\u00a0\u00a0\u00a0\u00a0\u00a0\u00a0\u00a0\u00a0\u00a0\u00a0\u00a0\u00a0\u00a0\u00a0\u00a0\u00a0\u00a0\u00a0\u00a0 Sunneva Einarsd\u00f3ttir og Hildur Gunnarsd\u00f3ttir. A\u00f0rir leikmenn:\u00a0\u00a0\u00a0\u00a0\u00a0\u00a0\u00a0\u00a0\u00a0\u00a0\u00a0\u00a0\u00a0\u00a0\u00a0\u00a0 Hulda Dagsd\u00f3ttir, Hafd\u00eds Shizuka Iura, Ragnhei\u00f0ur J\u00fal\u00edusd\u00f3ttir, \u00cdris Krist\u00ed,\u00a0\u00a0Smith, Gu\u00f0r\u00fan Jenn\u00fd Sigur\u00f0ard\u00f3ttir, Sigurbj\u00f6rg [&hellip;]<\/p>","protected":false},"author":4,"featured_media":4628,"comment_status":"open","ping_status":"open","sticky":false,"template":"","format":"standard","meta":{"_monsterinsights_skip_tracking":false,"_monsterinsights_sitenote_active":false,"_monsterinsights_sitenote_note":"","_monsterinsights_sitenote_category":0,"_jetpack_memberships_contains_paid_content":false,"footnotes":""},"categories":[6,10,15],"tags":[],"class_list":["post-4722","post","type-post","status-publish","format-standard","has-post-thumbnail","hentry","category-handbolti","category-frettir","category-mfl-kvenna"],"jetpack_sharing_enabled":true,"jetpack_featured_media_url":"https:\/\/fram.is\/wp-content\/uploads\/2013\/10\/Sigurbj\u00f6rn-me\u00f0-r\u00e6\u00f0u.jpg","_links":{"self":[{"href":"https:\/\/fram.is\/is\/wp-json\/wp\/v2\/posts\/4722","targetHints":{"allow":["GET"]}}],"collection":[{"href":"https:\/\/fram.is\/is\/wp-json\/wp\/v2\/posts"}],"about":[{"href":"https:\/\/fram.is\/is\/wp-json\/wp\/v2\/types\/post"}],"author":[{"embeddable":true,"href":"https:\/\/fram.is\/is\/wp-json\/wp\/v2\/users\/4"}],"replies":[{"embeddable":true,"href":"https:\/\/fram.is\/is\/wp-json\/wp\/v2\/comments?post=4722"}],"version-history":[{"count":0,"href":"https:\/\/fram.is\/is\/wp-json\/wp\/v2\/posts\/4722\/revisions"}],"wp:featuredmedia":[{"embeddable":true,"href":"https:\/\/fram.is\/is\/wp-json\/wp\/v2\/media\/4628"}],"wp:attachment":[{"href":"https:\/\/fram.is\/is\/wp-json\/wp\/v2\/media?parent=4722"}],"wp:term":[{"taxonomy":"category","embeddable":true,"href":"https:\/\/fram.is\/is\/wp-json\/wp\/v2\/categories?post=4722"},{"taxonomy":"post_tag","embeddable":true,"href":"https:\/\/fram.is\/is\/wp-json\/wp\/v2\/tags?post=4722"}],"curies":[{"name":"wp","href":"https:\/\/api.w.org\/{rel}","templated":true}]}}