{"id":4730,"date":"2013-10-22T15:30:33","date_gmt":"2013-10-22T15:30:33","guid":{"rendered":"http:\/\/fram.is\/?p=4730"},"modified":"2013-10-22T15:30:33","modified_gmt":"2013-10-22T15:30:33","slug":"3-stelpur-fra-fram-landslidshopum-islands-knattspyrnu","status":"publish","type":"post","link":"https:\/\/fram.is\/is\/2013\/10\/22\/3-stelpur-fra-fram-landslidshopum-islands-knattspyrnu\/","title":{"rendered":"3 stelpur fr\u00e1 FRAM \u00ed landsli\u00f0sh\u00f3pum \u00cdslands \u00ed knattspyrnu."},"content":{"rendered":"<p><b><a href=\"http:\/\/fram.is\/wp-content\/uploads\/2013\/05\/Fram-Throttur3.jpg\"><img fetchpriority=\"high\" decoding=\"async\" class=\"alignright size-medium wp-image-3378\" alt=\"Fram-Throttur3\" src=\"http:\/\/fram.is\/wp-content\/uploads\/2013\/05\/Fram-Throttur3-300x199.jpg\" width=\"300\" height=\"199\" \/><\/a>Vi\u00f0 FRAMarar eru stoltir af \u00fev\u00ed \u00feegar okkar leikmenn eru valdir \u00ed landsli\u00f0 \u00cdslandi.<br \/>\nN\u00fa er KS\u00cd a\u00f0 velja \u00e6fingah\u00f3pa kvenna fyrir\u00a0yngri landsli\u00f0 \u00cdslands. Vi\u00f0 FRAMarar eigum 3 leikmenn sem taka \u00fe\u00e1tt \u00ed \u00feessum \u00e6fingum a\u00f0 \u00feessu sinni en \u00fe\u00e6r eru. Ekki amalegt \u00fea\u00f0.<\/b><\/p>\n<p><b><\/b><b>U-17\u00a0 \u00e1ra landsli\u00f0 kvenna<\/b><\/p>\n<p>\u00dalfar Hinriksson, landsli\u00f0s\u00fej\u00e1lfari U17 kvenna, hefur vali\u00f0 h\u00f3p sem kemur saman til \u00a0landsli\u00f0s\u00e6finga helgina 26.-27. okt\u00f3ber n\u00e6stkomandi.<br \/>\nLeikmenn fr\u00e1 FRAM a\u00f0 \u00feessu sinni eru:<\/p>\n<p>Alda Karen J\u00f3nsd\u00f3ttir\u00a0\u00a0\u00a0\u00a0\u00a0\u00a0\u00a0\u00a0\u00a0\u00a0\u00a0\u00a0\u00a0\u00a0\u00a0\u00a0\u00a0\u00a0\u00a0\u00a0\u00a0\u00a0\u00a0\u00a0\u00a0\u00a0\u00a0\u00a0\u00a0\u00a0\u00a0\u00a0 FRAM<\/p>\n<p><b>U-19\u00a0 \u00e1ra landsli\u00f0 kvenna<\/b><\/p>\n<p>\u00d3lafur \u00de\u00f3r Gu\u00f0bj\u00f6rnsson, landsli\u00f0s\u00fej\u00e1lfari U19 kvenna, hefur vali\u00f0 h\u00f3p sem kemur saman til landsli\u00f0s\u00e6finga U19 kvenna helgina 26.-27. okt\u00f3ber n\u00e6stkomandi.<br \/>\nLeikmenn fr\u00e1 FRAM a\u00f0 \u00feessu sinni eru:<\/p>\n<p>Sara Lissy Chontosh\u00a0\u00a0\u00a0\u00a0\u00a0\u00a0\u00a0\u00a0\u00a0 \u00a0\u00a0\u00a0\u00a0\u00a0\u00a0\u00a0\u00a0\u00a0\u00a0\u00a0\u00a0\u00a0\u00a0\u00a0\u00a0\u00a0\u00a0\u00a0\u00a0\u00a0\u00a0\u00a0 FRAM<br \/>\nFj\u00f3la Sigur\u00f0ard\u00f3ttir\u00a0\u00a0\u00a0\u00a0\u00a0\u00a0\u00a0\u00a0\u00a0\u00a0\u00a0\u00a0\u00a0\u00a0\u00a0\u00a0\u00a0\u00a0\u00a0\u00a0\u00a0\u00a0\u00a0\u00a0\u00a0 \u00a0\u00a0\u00a0\u00a0\u00a0\u00a0\u00a0\u00a0\u00a0\u00a0\u00a0 FRAM<\/p>\n<p>Gangi ykkur vel stelpur<\/p>\n<p>&nbsp;<\/p>","protected":false},"excerpt":{"rendered":"<p>Vi\u00f0 FRAMarar eru stoltir af \u00fev\u00ed \u00feegar okkar leikmenn eru valdir \u00ed landsli\u00f0 \u00cdslandi. N\u00fa er KS\u00cd a\u00f0 velja \u00e6fingah\u00f3pa kvenna fyrir\u00a0yngri landsli\u00f0 \u00cdslands. Vi\u00f0 FRAMarar eigum 3 leikmenn sem [&hellip;]<\/p>","protected":false},"author":4,"featured_media":4732,"comment_status":"open","ping_status":"open","sticky":false,"template":"","format":"standard","meta":{"_monsterinsights_skip_tracking":false,"_monsterinsights_sitenote_active":false,"_monsterinsights_sitenote_note":"","_monsterinsights_sitenote_category":0,"_jetpack_memberships_contains_paid_content":false,"footnotes":""},"categories":[10,12,9,13],"tags":[],"class_list":["post-4730","post","type-post","status-publish","format-standard","has-post-thumbnail","hentry","category-frettir","category-mflkvenna","category-fotbolti","category-yngriflokkar"],"jetpack_sharing_enabled":true,"jetpack_featured_media_url":"https:\/\/fram.is\/wp-content\/uploads\/2013\/10\/Fj\u00f3la-Sig.jpg","_links":{"self":[{"href":"https:\/\/fram.is\/is\/wp-json\/wp\/v2\/posts\/4730","targetHints":{"allow":["GET"]}}],"collection":[{"href":"https:\/\/fram.is\/is\/wp-json\/wp\/v2\/posts"}],"about":[{"href":"https:\/\/fram.is\/is\/wp-json\/wp\/v2\/types\/post"}],"author":[{"embeddable":true,"href":"https:\/\/fram.is\/is\/wp-json\/wp\/v2\/users\/4"}],"replies":[{"embeddable":true,"href":"https:\/\/fram.is\/is\/wp-json\/wp\/v2\/comments?post=4730"}],"version-history":[{"count":0,"href":"https:\/\/fram.is\/is\/wp-json\/wp\/v2\/posts\/4730\/revisions"}],"wp:featuredmedia":[{"embeddable":true,"href":"https:\/\/fram.is\/is\/wp-json\/wp\/v2\/media\/4732"}],"wp:attachment":[{"href":"https:\/\/fram.is\/is\/wp-json\/wp\/v2\/media?parent=4730"}],"wp:term":[{"taxonomy":"category","embeddable":true,"href":"https:\/\/fram.is\/is\/wp-json\/wp\/v2\/categories?post=4730"},{"taxonomy":"post_tag","embeddable":true,"href":"https:\/\/fram.is\/is\/wp-json\/wp\/v2\/tags?post=4730"}],"curies":[{"name":"wp","href":"https:\/\/api.w.org\/{rel}","templated":true}]}}