{"id":4740,"date":"2013-10-24T11:30:20","date_gmt":"2013-10-24T11:30:20","guid":{"rendered":"http:\/\/fram.is\/?p=4740"},"modified":"2013-10-24T11:30:20","modified_gmt":"2013-10-24T11:30:20","slug":"herrakvold-fram-2013-solmundur-holm-thorsteinn-gudmundsson-og-siggi-tomm-hvad-eiga-sameignlegt","status":"publish","type":"post","link":"https:\/\/fram.is\/is\/2013\/10\/24\/herrakvold-fram-2013-solmundur-holm-thorsteinn-gudmundsson-og-siggi-tomm-hvad-eiga-sameignlegt\/","title":{"rendered":"Herrakv\u00f6ld FRAM 2013, S\u00f3lmundur H\u00f3lm, \u00deorsteinn Gu\u00f0mundsson og Siggi Tomm, hva\u00f0 eiga \u00feeir sameiginlegt ?"},"content":{"rendered":"<p align=\"left\"><strong>\u00deeir m\u00e6ta \u00e1 HERRAKV\u00d6LD FRAM.<\/strong><\/p>\n<p align=\"left\"><a href=\"http:\/\/fram.is\/wp-content\/uploads\/2013\/10\/Flottur-matur.jpg\"><img fetchpriority=\"high\" decoding=\"async\" class=\"alignright size-medium wp-image-4652\" alt=\"Flottur matur\" src=\"http:\/\/fram.is\/wp-content\/uploads\/2013\/10\/Flottur-matur-300x199.jpg\" width=\"300\" height=\"199\" \/><\/a>Herrakv\u00f6ld FRAM ver\u00f0ur haldi\u00f0 f\u00f6studaginn 8. n\u00f3vember \u00ed\u00a0 veislusal okkar Framara<\/p>\n<p align=\"left\">Fr\u00e1b\u00e6r skemmtun \u00fear sem r\u00e6\u00f0uma\u00f0ur er engin annar en \u00deorsteinn Gu\u00f0mundsson leikari, \u00a0\u00a0\u00a0S\u00f3lmundur H\u00f3lm fer me\u00f0 gamanm\u00e1l eins og honum einum er lagi\u00f0.<\/p>\n<p align=\"left\">Veislustj\u00f3rn ver\u00f0ur svo \u00ed h\u00f6ndum Sigur\u00f0ar Inga T\u00f3massonar<\/p>\n<p align=\"left\">H\u00fasi\u00f0 opnar kl. 19:00 og bor\u00f0hald hefst kl. 20:00<\/p>\n<p align=\"left\">\u00a0Happdr\u00e6tti\u00f0 og m\u00e1lverkauppbo\u00f0i\u00f0 ver\u00f0ur \u00e1 s\u00ednum sta\u00f0 <a href=\"http:\/\/fram.is\/wp-content\/uploads\/2013\/10\/\u00feorsteinn-Gu\u00f0m.jpg\"><img decoding=\"async\" class=\"alignright size-medium wp-image-4760\" alt=\"\u00feorsteinn Gu\u00f0m\" src=\"http:\/\/fram.is\/wp-content\/uploads\/2013\/10\/\u00feorsteinn-Gu\u00f0m-300x168.jpg\" width=\"300\" height=\"168\" \/><\/a>undir styrkri\u00a0stj\u00f3rn Sigur\u00f0ar Inga T\u00f3massonar.<\/p>\n<p align=\"left\">\u00de\u00f3ra okkar s\u00e9r um a\u00f0 allir v\u00e6ti kverkarnar reglulega \u00feannig a\u00f0 n\u00fa er bara a\u00f0 m\u00e6ta.<\/p>\n<p align=\"left\"><strong>\u00a0Taki\u00f0 kv\u00f6ldi\u00f0 fr\u00e1 !<\/strong><\/p>\n<p align=\"left\">Bo\u00f0i\u00f0 ver\u00f0ur upp \u00e1 fr\u00e1b\u00e6rt hla\u00f0bor\u00f0 fr\u00e1 Lauga\u00e1si.<\/p>\n<p align=\"left\">Allir karlar, Framarar, ungir, gamlir, \u00fea\u00f0 ver\u00f0ur gr\u00ed\u00f0arleg stemming eins og alltaf.<\/p>\n<p align=\"left\">\u00a0Mi\u00f0asala \u00ed \u00cd\u00fer\u00f3ttah\u00fasi Fram &#8211;\u00a0 panti\u00f0 \u00ed s\u00edma\u00a0 533 5600<a href=\"http:\/\/fram.is\/wp-content\/uploads\/2013\/10\/S\u00f3lmundur.jpg\"><img decoding=\"async\" class=\"alignright size-full wp-image-4761\" alt=\"S\u00f3lmundur\" src=\"http:\/\/fram.is\/wp-content\/uploads\/2013\/10\/S\u00f3lmundur.jpg\" width=\"290\" height=\"289\" \/><\/a><\/p>\n<p align=\"left\">mi\u00f0aver\u00f0 kr. 7500.-\u00a0 sj\u00e1umst hressir<\/p>\n<p align=\"left\"><strong>\u00a0A\u00f0alstj\u00f3rn FRAM \u00a0 \u00a0<\/strong><\/p>","protected":false},"excerpt":{"rendered":"<p>\u00deeir m\u00e6ta \u00e1 HERRAKV\u00d6LD FRAM. Herrakv\u00f6ld FRAM ver\u00f0ur haldi\u00f0 f\u00f6studaginn 8. n\u00f3vember \u00ed\u00a0 veislusal okkar Framara Fr\u00e1b\u00e6r skemmtun \u00fear sem r\u00e6\u00f0uma\u00f0ur er engin annar en \u00deorsteinn Gu\u00f0mundsson leikari, \u00a0\u00a0\u00a0S\u00f3lmundur H\u00f3lm [&hellip;]<\/p>","protected":false},"author":4,"featured_media":4741,"comment_status":"open","ping_status":"open","sticky":false,"template":"","format":"standard","meta":{"_monsterinsights_skip_tracking":false,"_monsterinsights_sitenote_active":false,"_monsterinsights_sitenote_note":"","_monsterinsights_sitenote_category":0,"_jetpack_memberships_contains_paid_content":false,"footnotes":""},"categories":[8,6,10,9,17,18,16],"tags":[],"class_list":["post-4740","post","type-post","status-publish","format-standard","has-post-thumbnail","hentry","category-adalstjorn","category-handbolti","category-frettir","category-fotbolti","category-skidadeild","category-taekwondo","category-almenndeild"],"jetpack_sharing_enabled":true,"jetpack_featured_media_url":"https:\/\/fram.is\/wp-content\/uploads\/2013\/10\/Flottir-FRAMarar-vefur.jpg","_links":{"self":[{"href":"https:\/\/fram.is\/is\/wp-json\/wp\/v2\/posts\/4740","targetHints":{"allow":["GET"]}}],"collection":[{"href":"https:\/\/fram.is\/is\/wp-json\/wp\/v2\/posts"}],"about":[{"href":"https:\/\/fram.is\/is\/wp-json\/wp\/v2\/types\/post"}],"author":[{"embeddable":true,"href":"https:\/\/fram.is\/is\/wp-json\/wp\/v2\/users\/4"}],"replies":[{"embeddable":true,"href":"https:\/\/fram.is\/is\/wp-json\/wp\/v2\/comments?post=4740"}],"version-history":[{"count":0,"href":"https:\/\/fram.is\/is\/wp-json\/wp\/v2\/posts\/4740\/revisions"}],"wp:featuredmedia":[{"embeddable":true,"href":"https:\/\/fram.is\/is\/wp-json\/wp\/v2\/media\/4741"}],"wp:attachment":[{"href":"https:\/\/fram.is\/is\/wp-json\/wp\/v2\/media?parent=4740"}],"wp:term":[{"taxonomy":"category","embeddable":true,"href":"https:\/\/fram.is\/is\/wp-json\/wp\/v2\/categories?post=4740"},{"taxonomy":"post_tag","embeddable":true,"href":"https:\/\/fram.is\/is\/wp-json\/wp\/v2\/tags?post=4740"}],"curies":[{"name":"wp","href":"https:\/\/api.w.org\/{rel}","templated":true}]}}