{"id":4743,"date":"2013-10-24T11:45:42","date_gmt":"2013-10-24T11:45:42","guid":{"rendered":"http:\/\/fram.is\/?p=4743"},"modified":"2013-10-24T11:45:42","modified_gmt":"2013-10-24T11:45:42","slug":"ibv-fram-laugard","status":"publish","type":"post","link":"https:\/\/fram.is\/is\/2013\/10\/24\/ibv-fram-laugard\/","title":{"rendered":"\u00cdBV &#8211; FRAM  \u00e1 laugard."},"content":{"rendered":"<p>St\u00e1karnir okkar halda til Eyja \u00e1 laugardag og etja \u00fear kappi vi\u00f0 \u00cdBV. Li\u00f0 \u00cdBV er vel skipa\u00f0 leikm\u00f6nnum \u00fear \u00e1 me\u00f0al okkar gamli leikma\u00f0ur R\u00f3bert Aron. \u00a0Drengirnir okkar eru sta\u00f0r\u00e1\u00f0nir \u00ed \u00fev\u00ed a\u00f0 gera betur en \u00ed s\u00ed\u00f0asta leik og m\u00e6ta \u00f6rugglega tilb\u00fanir tilleiks \u00e1 laugardag.<br \/>\n<a href=\"http:\/\/fram.is\/wp-content\/uploads\/2013\/10\/Fram-\u00cdBV-Olis-2-260913-II.jpg\"><img fetchpriority=\"high\" decoding=\"async\" class=\"alignright size-full wp-image-4744\" alt=\"Fram-\u00cdBV - Olis 2 - 260913 II\" src=\"http:\/\/fram.is\/wp-content\/uploads\/2013\/10\/Fram-\u00cdBV-Olis-2-260913-II.jpg\" width=\"640\" height=\"320\" \/><\/a><\/p>","protected":false},"excerpt":{"rendered":"<p>St\u00e1karnir okkar halda til Eyja \u00e1 laugardag og etja \u00fear kappi vi\u00f0 \u00cdBV. Li\u00f0 \u00cdBV er vel skipa\u00f0 leikm\u00f6nnum \u00fear \u00e1 me\u00f0al okkar gamli leikma\u00f0ur R\u00f3bert Aron. \u00a0Drengirnir okkar eru [&hellip;]<\/p>","protected":false},"author":4,"featured_media":4694,"comment_status":"open","ping_status":"open","sticky":false,"template":"","format":"standard","meta":{"_monsterinsights_skip_tracking":false,"_monsterinsights_sitenote_active":false,"_monsterinsights_sitenote_note":"","_monsterinsights_sitenote_category":0,"_jetpack_memberships_contains_paid_content":false,"footnotes":""},"categories":[6,10,19],"tags":[],"class_list":["post-4743","post","type-post","status-publish","format-standard","has-post-thumbnail","hentry","category-handbolti","category-frettir","category-mfl-karla"],"jetpack_sharing_enabled":true,"jetpack_featured_media_url":"https:\/\/fram.is\/wp-content\/uploads\/2013\/10\/Stef\u00e1n-darri-vefur.jpg","_links":{"self":[{"href":"https:\/\/fram.is\/is\/wp-json\/wp\/v2\/posts\/4743","targetHints":{"allow":["GET"]}}],"collection":[{"href":"https:\/\/fram.is\/is\/wp-json\/wp\/v2\/posts"}],"about":[{"href":"https:\/\/fram.is\/is\/wp-json\/wp\/v2\/types\/post"}],"author":[{"embeddable":true,"href":"https:\/\/fram.is\/is\/wp-json\/wp\/v2\/users\/4"}],"replies":[{"embeddable":true,"href":"https:\/\/fram.is\/is\/wp-json\/wp\/v2\/comments?post=4743"}],"version-history":[{"count":0,"href":"https:\/\/fram.is\/is\/wp-json\/wp\/v2\/posts\/4743\/revisions"}],"wp:featuredmedia":[{"embeddable":true,"href":"https:\/\/fram.is\/is\/wp-json\/wp\/v2\/media\/4694"}],"wp:attachment":[{"href":"https:\/\/fram.is\/is\/wp-json\/wp\/v2\/media?parent=4743"}],"wp:term":[{"taxonomy":"category","embeddable":true,"href":"https:\/\/fram.is\/is\/wp-json\/wp\/v2\/categories?post=4743"},{"taxonomy":"post_tag","embeddable":true,"href":"https:\/\/fram.is\/is\/wp-json\/wp\/v2\/tags?post=4743"}],"curies":[{"name":"wp","href":"https:\/\/api.w.org\/{rel}","templated":true}]}}