{"id":47787,"date":"2026-04-28T09:34:02","date_gmt":"2026-04-28T09:34:02","guid":{"rendered":"https:\/\/fram.is\/?p=47787"},"modified":"2026-04-28T09:35:03","modified_gmt":"2026-04-28T09:35:03","slug":"breidablik-fram-besta-deild-kvenna-kopavogsvollur-midvikudag-29-april-kl-1915","status":"publish","type":"post","link":"https:\/\/fram.is\/is\/2026\/04\/28\/breidablik-fram-besta-deild-kvenna-kopavogsvollur-midvikudag-29-april-kl-1915\/","title":{"rendered":"Brei\u00f0ablik &#8211; FRAM Besta deild kvenna, K\u00f3pavogsv\u00f6llur mi\u00f0vikudag 29. apr\u00edl kl. 19:15."},"content":{"rendered":"<div data-elementor-type=\"wp-post\" data-elementor-id=\"47787\" class=\"elementor elementor-47787\" data-elementor-post-type=\"post\">\n\t\t\t\t<section class=\"elementor-section elementor-top-section elementor-element elementor-element-446d84f9 elementor-section-boxed elementor-section-height-default elementor-section-height-default\" data-id=\"446d84f9\" data-element_type=\"section\">\n\t\t\t\t\t\t<div class=\"elementor-container elementor-column-gap-default\">\n\t\t\t\t\t<div class=\"elementor-column elementor-col-100 elementor-top-column elementor-element elementor-element-eae33d6\" data-id=\"eae33d6\" data-element_type=\"column\">\n\t\t\t<div class=\"elementor-widget-wrap elementor-element-populated\">\n\t\t\t\t\t\t<div class=\"elementor-element elementor-element-3735a81d elementor-widget elementor-widget-text-editor\" data-id=\"3735a81d\" data-element_type=\"widget\" data-widget_type=\"text-editor.default\">\n\t\t\t\t<div class=\"elementor-widget-container\"><p><img fetchpriority=\"high\" decoding=\"async\" class=\"alignnone size-full wp-image-47789\" src=\"https:\/\/fram.is\/wp-content\/uploads\/2026\/04\/FRAM-Breidablik-kv.-Besta.png\" alt=\"\" width=\"940\" height=\"788\" srcset=\"https:\/\/fram.is\/wp-content\/uploads\/2026\/04\/FRAM-Breidablik-kv.-Besta.png 940w, https:\/\/fram.is\/wp-content\/uploads\/2026\/04\/FRAM-Breidablik-kv.-Besta-300x251.png 300w, https:\/\/fram.is\/wp-content\/uploads\/2026\/04\/FRAM-Breidablik-kv.-Besta-768x644.png 768w, https:\/\/fram.is\/wp-content\/uploads\/2026\/04\/FRAM-Breidablik-kv.-Besta-14x12.png 14w, https:\/\/fram.is\/wp-content\/uploads\/2026\/04\/FRAM-Breidablik-kv.-Besta-800x671.png 800w\" sizes=\"(max-width: 940px) 100vw, 940px\" \/><\/p><\/div>\n\t\t\t\t<\/div>\n\t\t\t\t\t<\/div>\n\t\t<\/div>\n\t\t\t\t\t<\/div>\n\t\t<\/section>\t\t<\/div>","protected":false},"excerpt":{"rendered":"","protected":false},"author":5,"featured_media":47788,"comment_status":"closed","ping_status":"closed","sticky":false,"template":"","format":"standard","meta":{"_monsterinsights_skip_tracking":false,"_monsterinsights_sitenote_active":false,"_monsterinsights_sitenote_note":"","_monsterinsights_sitenote_category":0,"_jetpack_memberships_contains_paid_content":false,"footnotes":""},"categories":[9,11],"tags":[],"class_list":["post-47787","post","type-post","status-publish","format-standard","has-post-thumbnail","hentry","category-fotbolti","category-mflkarla"],"jetpack_sharing_enabled":true,"jetpack_featured_media_url":"https:\/\/fram.is\/wp-content\/uploads\/2026\/04\/Breidablik-FRAM-banner-kv.-.png","_links":{"self":[{"href":"https:\/\/fram.is\/is\/wp-json\/wp\/v2\/posts\/47787","targetHints":{"allow":["GET"]}}],"collection":[{"href":"https:\/\/fram.is\/is\/wp-json\/wp\/v2\/posts"}],"about":[{"href":"https:\/\/fram.is\/is\/wp-json\/wp\/v2\/types\/post"}],"author":[{"embeddable":true,"href":"https:\/\/fram.is\/is\/wp-json\/wp\/v2\/users\/5"}],"replies":[{"embeddable":true,"href":"https:\/\/fram.is\/is\/wp-json\/wp\/v2\/comments?post=47787"}],"version-history":[{"count":4,"href":"https:\/\/fram.is\/is\/wp-json\/wp\/v2\/posts\/47787\/revisions"}],"predecessor-version":[{"id":47793,"href":"https:\/\/fram.is\/is\/wp-json\/wp\/v2\/posts\/47787\/revisions\/47793"}],"wp:featuredmedia":[{"embeddable":true,"href":"https:\/\/fram.is\/is\/wp-json\/wp\/v2\/media\/47788"}],"wp:attachment":[{"href":"https:\/\/fram.is\/is\/wp-json\/wp\/v2\/media?parent=47787"}],"wp:term":[{"taxonomy":"category","embeddable":true,"href":"https:\/\/fram.is\/is\/wp-json\/wp\/v2\/categories?post=47787"},{"taxonomy":"post_tag","embeddable":true,"href":"https:\/\/fram.is\/is\/wp-json\/wp\/v2\/tags?post=47787"}],"curies":[{"name":"wp","href":"https:\/\/api.w.org\/{rel}","templated":true}]}}