{"id":47794,"date":"2026-04-29T09:57:20","date_gmt":"2026-04-29T09:57:20","guid":{"rendered":"https:\/\/fram.is\/?p=47794"},"modified":"2026-04-29T09:59:04","modified_gmt":"2026-04-29T09:59:04","slug":"thrjar-fra-fram-i-haefileikamotun-hsi","status":"publish","type":"post","link":"https:\/\/fram.is\/is\/2026\/04\/29\/thrjar-fra-fram-i-haefileikamotun-hsi\/","title":{"rendered":"\u00derj\u00e1r fr\u00e1 Fram \u00ed H\u00e6fileikam\u00f3tun HS\u00cd"},"content":{"rendered":"<div data-elementor-type=\"wp-post\" data-elementor-id=\"47794\" class=\"elementor elementor-47794\" data-elementor-post-type=\"post\">\n\t\t\t\t<section class=\"elementor-section elementor-top-section elementor-element elementor-element-2dbe5f65 elementor-section-boxed elementor-section-height-default elementor-section-height-default\" data-id=\"2dbe5f65\" data-element_type=\"section\">\n\t\t\t\t\t\t<div class=\"elementor-container elementor-column-gap-default\">\n\t\t\t\t\t<div class=\"elementor-column elementor-col-100 elementor-top-column elementor-element elementor-element-17ecab26\" data-id=\"17ecab26\" data-element_type=\"column\">\n\t\t\t<div class=\"elementor-widget-wrap elementor-element-populated\">\n\t\t\t\t\t\t<div class=\"elementor-element elementor-element-78d58a51 elementor-widget elementor-widget-text-editor\" data-id=\"78d58a51\" data-element_type=\"widget\" data-widget_type=\"text-editor.default\">\n\t\t\t\t<div class=\"elementor-widget-container\"><p>H\u00e6fileikam\u00f3tun HS\u00cd<\/p><p>Valinn hefur veri\u00f0 \u00e6fingah\u00f3pur til a\u00f0 taka \u00fe\u00e1tt \u00ed \u00e6fingum \u00ed H\u00e6fileikam\u00f3tun HS\u00cd. \u00c6fingar fara fram \u00ed Egilsh\u00f6ll 1.- 3. ma\u00ed undir stj\u00f3rn S\u00f3lveigar J\u00f3nsd\u00f3ttur \u00a0\u00fej\u00e1lfara H\u00e6fileikam\u00f3tunnar HS\u00cd.<br \/><br \/>\u00c6fingar ver\u00f0a \u00e1 eftirt\u00f6ldum t\u00edmum:<br \/>F\u00f6studagur 1. ma\u00ed<br \/>Kl. 16:30-18:00<\/p><p>Laugardagur 2. ma\u00ed<br \/>Kl. 09.00-10:30<br \/>Kl. 12:00-13:00, fyrirlestur kl. 13:00-13:40.<\/p><p>Sunnudagur 3. ma\u00ed<br \/>Kl. 11:00-13:00<\/p><p>Vi\u00f0 Framarar erum stoltir af \u00fev\u00ed a\u00f0 eiga \u00ferj\u00e1 fulltr\u00faa \u00ed H\u00e6fileikam\u00f3tun HS\u00cd en \u00fe\u00e6r sem voru valdir a\u00f0 \u00feessu sinni eru:<\/p><p>Hrefna Hjaltad\u00f3ttir \u00a0\u00a0\u00a0\u00a0\u00a0\u00a0\u00a0\u00a0\u00a0\u00a0\u00a0\u00a0\u00a0\u00a0\u00a0\u00a0\u00a0\u00a0\u00a0\u00a0\u00a0\u00a0 \u00a0\u00a0\u00a0\u00a0\u00a0\u00a0\u00a0\u00a0\u00a0\u00a0\u00a0 Fram<br \/>Rakel L\u00edf Einarsd\u00f3ttir\u00a0\u00a0\u00a0\u00a0\u00a0\u00a0\u00a0\u00a0\u00a0\u00a0\u00a0\u00a0\u00a0\u00a0\u00a0\u00a0\u00a0\u00a0\u00a0\u00a0 \u00a0\u00a0\u00a0\u00a0\u00a0\u00a0\u00a0\u00a0\u00a0\u00a0\u00a0 Fram<br \/>\u00de\u00f3rhildur Anna B\u00e6ringsd\u00f3ttir\u00a0\u00a0\u00a0 \u00a0\u00a0\u00a0\u00a0\u00a0\u00a0\u00a0\u00a0\u00a0\u00a0\u00a0 Fram<\/p><p>Gangi ykkur vel.<br \/><img fetchpriority=\"high\" decoding=\"async\" class=\"alignnone size-full wp-image-47796\" src=\"https:\/\/fram.is\/wp-content\/uploads\/2026\/04\/Haefileikamotun-HSI-mai-2026.jpg\" alt=\"\" width=\"1080\" height=\"1350\" srcset=\"https:\/\/fram.is\/wp-content\/uploads\/2026\/04\/Haefileikamotun-HSI-mai-2026.jpg 1080w, https:\/\/fram.is\/wp-content\/uploads\/2026\/04\/Haefileikamotun-HSI-mai-2026-240x300.jpg 240w, https:\/\/fram.is\/wp-content\/uploads\/2026\/04\/Haefileikamotun-HSI-mai-2026-819x1024.jpg 819w, https:\/\/fram.is\/wp-content\/uploads\/2026\/04\/Haefileikamotun-HSI-mai-2026-768x960.jpg 768w, https:\/\/fram.is\/wp-content\/uploads\/2026\/04\/Haefileikamotun-HSI-mai-2026-10x12.jpg 10w, https:\/\/fram.is\/wp-content\/uploads\/2026\/04\/Haefileikamotun-HSI-mai-2026-800x1000.jpg 800w\" sizes=\"(max-width: 1080px) 100vw, 1080px\" \/><\/p><\/div>\n\t\t\t\t<\/div>\n\t\t\t\t\t<\/div>\n\t\t<\/div>\n\t\t\t\t\t<\/div>\n\t\t<\/section>\t\t<\/div>","protected":false},"excerpt":{"rendered":"<p>H\u00e6fileikam\u00f3tun HS\u00cd Valinn hefur veri\u00f0 \u00e6fingah\u00f3pur til a\u00f0 taka \u00fe\u00e1tt \u00ed \u00e6fingum \u00ed H\u00e6fileikam\u00f3tun HS\u00cd. \u00c6fingar fara fram \u00ed Egilsh\u00f6ll 1.- 3. ma\u00ed undir stj\u00f3rn S\u00f3lveigar J\u00f3nsd\u00f3ttur \u00a0\u00fej\u00e1lfara H\u00e6fileikam\u00f3tunnar HS\u00cd. [&hellip;]<\/p>","protected":false},"author":5,"featured_media":47795,"comment_status":"closed","ping_status":"closed","sticky":false,"template":"","format":"standard","meta":{"_monsterinsights_skip_tracking":false,"_monsterinsights_sitenote_active":false,"_monsterinsights_sitenote_note":"","_monsterinsights_sitenote_category":0,"_jetpack_memberships_contains_paid_content":false,"footnotes":""},"categories":[6,7],"tags":[],"class_list":["post-47794","post","type-post","status-publish","format-standard","has-post-thumbnail","hentry","category-handbolti","category-yngri-flokkar"],"jetpack_sharing_enabled":true,"jetpack_featured_media_url":"https:\/\/fram.is\/wp-content\/uploads\/2026\/04\/Haefileikamotun-HSI-mai-2026-vefur.jpg","_links":{"self":[{"href":"https:\/\/fram.is\/is\/wp-json\/wp\/v2\/posts\/47794","targetHints":{"allow":["GET"]}}],"collection":[{"href":"https:\/\/fram.is\/is\/wp-json\/wp\/v2\/posts"}],"about":[{"href":"https:\/\/fram.is\/is\/wp-json\/wp\/v2\/types\/post"}],"author":[{"embeddable":true,"href":"https:\/\/fram.is\/is\/wp-json\/wp\/v2\/users\/5"}],"replies":[{"embeddable":true,"href":"https:\/\/fram.is\/is\/wp-json\/wp\/v2\/comments?post=47794"}],"version-history":[{"count":4,"href":"https:\/\/fram.is\/is\/wp-json\/wp\/v2\/posts\/47794\/revisions"}],"predecessor-version":[{"id":47800,"href":"https:\/\/fram.is\/is\/wp-json\/wp\/v2\/posts\/47794\/revisions\/47800"}],"wp:featuredmedia":[{"embeddable":true,"href":"https:\/\/fram.is\/is\/wp-json\/wp\/v2\/media\/47795"}],"wp:attachment":[{"href":"https:\/\/fram.is\/is\/wp-json\/wp\/v2\/media?parent=47794"}],"wp:term":[{"taxonomy":"category","embeddable":true,"href":"https:\/\/fram.is\/is\/wp-json\/wp\/v2\/categories?post=47794"},{"taxonomy":"post_tag","embeddable":true,"href":"https:\/\/fram.is\/is\/wp-json\/wp\/v2\/tags?post=47794"}],"curies":[{"name":"wp","href":"https:\/\/api.w.org\/{rel}","templated":true}]}}