{"id":4800,"date":"2013-10-27T20:40:45","date_gmt":"2013-10-27T20:40:45","guid":{"rendered":"http:\/\/fram.is\/?p=4800"},"modified":"2013-10-27T20:40:45","modified_gmt":"2013-10-27T20:40:45","slug":"asgeir-marteinsson-gerir-thriggja-ara-samning-vid-fram","status":"publish","type":"post","link":"https:\/\/fram.is\/is\/2013\/10\/27\/asgeir-marteinsson-gerir-thriggja-ara-samning-vid-fram\/","title":{"rendered":"\u00c1sgeir Marteinsson gerir \u00feriggja \u00e1ra samning vi\u00f0 Fram"},"content":{"rendered":"<p><a href=\"http:\/\/fram.is\/wp-content\/uploads\/2013\/10\/\u00c1sgeir-og-Bjarni.jpg\"><img fetchpriority=\"high\" decoding=\"async\" class=\"alignright size-medium wp-image-4798\" alt=\"\u00c1sgeir og Bjarni\" src=\"http:\/\/fram.is\/wp-content\/uploads\/2013\/10\/\u00c1sgeir-og-Bjarni-300x300.jpg\" width=\"300\" height=\"300\" \/><\/a>\u00c1sgeir Marteinsson sem sl\u00f3 \u00ed gegn me\u00f0 HK \u00ed 2. deildinni \u00ed sumar skrifa\u00f0i n\u00fa undir kv\u00f6ld undir \u00feriggja \u00e1ra samning vi\u00f0 Fram. \u00c1sgeir sem er 19 \u00e1ra leikur sem framliggjandi mi\u00f0juma\u00f0ur en hann skora\u00f0i 10 m\u00f6rk \u00ed 21 deildarleik me\u00f0 HK \u00e1 n\u00fdli\u00f0inni leikt\u00ed\u00f0.<br \/>\nHann var kj\u00f6rinn efnilegasti leikma\u00f0ur 2. deildar af leikm\u00f6nnum og fyrirli\u00f0um deildarinnar n\u00fa \u00ed haust.<br \/>\nFram telur mikinn feng \u00ed a\u00f0 hafa n\u00e1\u00f0 samningum vi\u00f0 \u00c1sgeir og hlakkar til samstarfsins framundan.<\/p>","protected":false},"excerpt":{"rendered":"<p>\u00c1sgeir Marteinsson sem sl\u00f3 \u00ed gegn me\u00f0 HK \u00ed 2. deildinni \u00ed sumar skrifa\u00f0i n\u00fa undir kv\u00f6ld undir \u00feriggja \u00e1ra samning vi\u00f0 Fram. \u00c1sgeir sem er 19 \u00e1ra leikur sem [&hellip;]<\/p>","protected":false},"author":4,"featured_media":4805,"comment_status":"open","ping_status":"open","sticky":false,"template":"","format":"standard","meta":{"_monsterinsights_skip_tracking":false,"_monsterinsights_sitenote_active":false,"_monsterinsights_sitenote_note":"","_monsterinsights_sitenote_category":0,"_jetpack_memberships_contains_paid_content":false,"footnotes":""},"categories":[11,10,9],"tags":[],"class_list":["post-4800","post","type-post","status-publish","format-standard","has-post-thumbnail","hentry","category-mflkarla","category-frettir","category-fotbolti"],"jetpack_sharing_enabled":true,"jetpack_featured_media_url":"https:\/\/fram.is\/wp-content\/uploads\/2013\/10\/Bjarni-og-\u00c1sgeir-vefur-betri-scaled.jpg","_links":{"self":[{"href":"https:\/\/fram.is\/is\/wp-json\/wp\/v2\/posts\/4800","targetHints":{"allow":["GET"]}}],"collection":[{"href":"https:\/\/fram.is\/is\/wp-json\/wp\/v2\/posts"}],"about":[{"href":"https:\/\/fram.is\/is\/wp-json\/wp\/v2\/types\/post"}],"author":[{"embeddable":true,"href":"https:\/\/fram.is\/is\/wp-json\/wp\/v2\/users\/4"}],"replies":[{"embeddable":true,"href":"https:\/\/fram.is\/is\/wp-json\/wp\/v2\/comments?post=4800"}],"version-history":[{"count":0,"href":"https:\/\/fram.is\/is\/wp-json\/wp\/v2\/posts\/4800\/revisions"}],"wp:featuredmedia":[{"embeddable":true,"href":"https:\/\/fram.is\/is\/wp-json\/wp\/v2\/media\/4805"}],"wp:attachment":[{"href":"https:\/\/fram.is\/is\/wp-json\/wp\/v2\/media?parent=4800"}],"wp:term":[{"taxonomy":"category","embeddable":true,"href":"https:\/\/fram.is\/is\/wp-json\/wp\/v2\/categories?post=4800"},{"taxonomy":"post_tag","embeddable":true,"href":"https:\/\/fram.is\/is\/wp-json\/wp\/v2\/tags?post=4800"}],"curies":[{"name":"wp","href":"https:\/\/api.w.org\/{rel}","templated":true}]}}