{"id":4813,"date":"2013-10-28T23:04:23","date_gmt":"2013-10-28T23:04:23","guid":{"rendered":"http:\/\/fram.is\/?p=4813"},"modified":"2013-10-28T23:04:23","modified_gmt":"2013-10-28T23:04:23","slug":"gudmundur-steinn-hafsteinsson-semur-vid-fram-til-tveggja-ara","status":"publish","type":"post","link":"https:\/\/fram.is\/is\/2013\/10\/28\/gudmundur-steinn-hafsteinsson-semur-vid-fram-til-tveggja-ara\/","title":{"rendered":"Gu\u00f0mundur Steinn Hafsteinsson semur vi\u00f0 Fram til tveggja \u00e1ra"},"content":{"rendered":"<p><a href=\"http:\/\/fram.is\/wp-content\/uploads\/2013\/10\/Gudmundur-Steinn.jpg\"><img decoding=\"async\" class=\"wp-image-4814 alignleft\" alt=\"Gudmundur Steinn\" src=\"http:\/\/fram.is\/wp-content\/uploads\/2013\/10\/Gudmundur-Steinn-1024x768.jpg\" width=\"221\" height=\"166\" srcset=\"https:\/\/fram.is\/wp-content\/uploads\/2013\/10\/Gudmundur-Steinn-1024x768.jpg 1024w, https:\/\/fram.is\/wp-content\/uploads\/2013\/10\/Gudmundur-Steinn-scaled-800x600.jpg 800w, https:\/\/fram.is\/wp-content\/uploads\/2013\/10\/Gudmundur-Steinn-300x225.jpg 300w, https:\/\/fram.is\/wp-content\/uploads\/2013\/10\/Gudmundur-Steinn-768x576.jpg 768w, https:\/\/fram.is\/wp-content\/uploads\/2013\/10\/Gudmundur-Steinn-1536x1152.jpg 1536w, https:\/\/fram.is\/wp-content\/uploads\/2013\/10\/Gudmundur-Steinn-2048x1536.jpg 2048w\" sizes=\"(max-width: 221px) 100vw, 221px\" \/><\/a>Framherjinn Gu\u00f0mundur Steinn Hafsteinsson skrifa\u00f0i \u00ed kv\u00f6ld undir tveggja \u00e1ra samning vi\u00f0 Fram. Gu\u00f0mundur Steinn sem er 24 \u00e1ra hefur tv\u00f6 undanfarin \u00e1r leiki\u00f0 me\u00f0 V\u00edking \u00d3lafsv\u00edk en hann l\u00e9k \u00e1\u00f0ur me\u00f0 Val. Gu\u00f0mundur Steinn var lykilma\u00f0ur \u00feegar V\u00edkingur f\u00f3r upp \u00ed \u00farvalsdeild 2012, \u00fe\u00e1 skora\u00f0i hann 10 m\u00f6rk \u00ed 20 leikjum og var valinn besti leikma\u00f0ur 1. deildar af \u00fej\u00e1lfurum og fyrirli\u00f0um li\u00f0anna \u00ed deildinni.<\/p>\n<p>Hann var fyrirli\u00f0i V\u00edkings b\u00e6\u00f0i \u00e1rin \u00ed \u00d3lafsv\u00edk. Gu\u00f0mundur Steinn \u00e1 a\u00f0 baki 5 leiki me\u00f0 U19 \u00e1ra li\u00f0i \u00cdslands. Bjarni Gu\u00f0j\u00f3nsson \u00fej\u00e1lfari Fram segist hafa miklar v\u00e6ntingar til \u00feessa n\u00fdjasta leikmanns f\u00e9lagsins. \u201eVi\u00f0 erum ekki bara a\u00f0 f\u00e1 flottan f\u00f3tboltamann heldur einnig fr\u00e1b\u00e6ran karakter.\u201c Fram b\u00fd\u00f0ur Gu\u00f0mund Stein hjartanlega velkominn \u00ed Safarm\u00fdrina.<\/p>","protected":false},"excerpt":{"rendered":"<p>Framherjinn Gu\u00f0mundur Steinn Hafsteinsson skrifa\u00f0i \u00ed kv\u00f6ld undir tveggja \u00e1ra samning vi\u00f0 Fram. Gu\u00f0mundur Steinn sem er 24 \u00e1ra hefur tv\u00f6 undanfarin \u00e1r leiki\u00f0 me\u00f0 V\u00edking \u00d3lafsv\u00edk en hann l\u00e9k [&hellip;]<\/p>","protected":false},"author":3,"featured_media":4814,"comment_status":"open","ping_status":"open","sticky":false,"template":"","format":"standard","meta":{"_monsterinsights_skip_tracking":false,"_monsterinsights_sitenote_active":false,"_monsterinsights_sitenote_note":"","_monsterinsights_sitenote_category":0,"_jetpack_memberships_contains_paid_content":false,"footnotes":""},"categories":[11,9],"tags":[],"class_list":["post-4813","post","type-post","status-publish","format-standard","has-post-thumbnail","hentry","category-mflkarla","category-fotbolti"],"jetpack_sharing_enabled":true,"jetpack_featured_media_url":"https:\/\/fram.is\/wp-content\/uploads\/2013\/10\/Gudmundur-Steinn-scaled.jpg","_links":{"self":[{"href":"https:\/\/fram.is\/is\/wp-json\/wp\/v2\/posts\/4813","targetHints":{"allow":["GET"]}}],"collection":[{"href":"https:\/\/fram.is\/is\/wp-json\/wp\/v2\/posts"}],"about":[{"href":"https:\/\/fram.is\/is\/wp-json\/wp\/v2\/types\/post"}],"author":[{"embeddable":true,"href":"https:\/\/fram.is\/is\/wp-json\/wp\/v2\/users\/3"}],"replies":[{"embeddable":true,"href":"https:\/\/fram.is\/is\/wp-json\/wp\/v2\/comments?post=4813"}],"version-history":[{"count":0,"href":"https:\/\/fram.is\/is\/wp-json\/wp\/v2\/posts\/4813\/revisions"}],"wp:featuredmedia":[{"embeddable":true,"href":"https:\/\/fram.is\/is\/wp-json\/wp\/v2\/media\/4814"}],"wp:attachment":[{"href":"https:\/\/fram.is\/is\/wp-json\/wp\/v2\/media?parent=4813"}],"wp:term":[{"taxonomy":"category","embeddable":true,"href":"https:\/\/fram.is\/is\/wp-json\/wp\/v2\/categories?post=4813"},{"taxonomy":"post_tag","embeddable":true,"href":"https:\/\/fram.is\/is\/wp-json\/wp\/v2\/tags?post=4813"}],"curies":[{"name":"wp","href":"https:\/\/api.w.org\/{rel}","templated":true}]}}