{"id":4833,"date":"2013-10-30T11:09:34","date_gmt":"2013-10-30T11:09:34","guid":{"rendered":"http:\/\/fram.is\/?p=4833"},"modified":"2013-10-30T11:09:34","modified_gmt":"2013-10-30T11:09:34","slug":"thrir-framarar-landslidshopum-islands-knattspyrnu","status":"publish","type":"post","link":"https:\/\/fram.is\/is\/2013\/10\/30\/thrir-framarar-landslidshopum-islands-knattspyrnu\/","title":{"rendered":"\u00der\u00edr FRAMarar \u00ed landsli\u00f0sh\u00f3pum \u00cdslands \u00ed knattspyrnu"},"content":{"rendered":"<p><b>Vi\u00f0 FRAMarar erum stoltir af \u00fev\u00ed \u00feegar okkar leikmenn eru valdir \u00ed landsli\u00f0 \u00cdslands.<br \/>\nN\u00fa er KS\u00cd a\u00f0 velja \u00e6fingah\u00f3pa fyrir U17 og U19 \u00e1ra landsli\u00f0 \u00cdslands. Vi\u00f0 FRAMarar eigum \u00ferj\u00e1 leikmenn sem taka \u00fe\u00e1tt \u00ed \u00e6fingunum a\u00f0 \u00feessu sinni.<\/b><\/p>\n<p><b><\/b><b>U-17 \u00e1ra landsli\u00f0 karla<a href=\"http:\/\/fram.is\/wp-content\/uploads\/2013\/10\/3-fl-ka-kv-vefur.jpg\"><img fetchpriority=\"high\" decoding=\"async\" class=\"size-medium wp-image-4556 alignright\" alt=\"3  fl ka  kv vefur\" src=\"http:\/\/fram.is\/wp-content\/uploads\/2013\/10\/3-fl-ka-kv-vefur-300x200.jpg\" width=\"300\" height=\"200\" srcset=\"https:\/\/fram.is\/wp-content\/uploads\/2013\/10\/3-fl-ka-kv-vefur-300x200.jpg 300w, https:\/\/fram.is\/wp-content\/uploads\/2013\/10\/3-fl-ka-kv-vefur.jpg 640w\" sizes=\"(max-width: 300px) 100vw, 300px\" \/><\/a><\/b><\/p>\n<p>\u00deorl\u00e1kur \u00c1rnason, landsli\u00f0s\u00fej\u00e1lfari U17 , hefur vali\u00f0 h\u00f3p sem kemur saman til landsli\u00f0s\u00e6finga helgina 2.-3. n\u00f3vember n\u00e6stkomandi.<br \/>\nLeikmenn fr\u00e1 FRAM a\u00f0 \u00feessu sinni eru:<\/p>\n<p>Andri \u00de\u00f3r S\u00f3lbergsson \u00a0 \u00a0 \u00a0 \u00a0 \u00a0 \u00a0 \u00a0 \u00a0 \u00a0 \u00a0 \u00a0 \u00a0 \u00a0 \u00a0 \u00a0 \u00a0 \u00a0 \u00a0FRAM<br \/>\nArn\u00f3r Da\u00f0i A\u00f0alsteinsson \u00a0 \u00a0 \u00a0 \u00a0 \u00a0 \u00a0 \u00a0 \u00a0 \u00a0 \u00a0 \u00a0 \u00a0 \u00a0 \u00a0 \u00a0 FRAM<\/p>\n<p><b>U-19 \u00e1ra landsli\u00f0 karla<\/b><\/p>\n<p>Kristinn R\u00fanar J\u00f3nsson, landsli\u00f0s\u00fej\u00e1lfari U19, hefur vali\u00f0 h\u00f3p sem kemur saman til landsli\u00f0s\u00e6finga helgina 2.-3. n\u00f3vember n\u00e6stkomandi.<br \/>\nFRAM \u00e1 einn leikmann \u00ed \u00e6fingah\u00f3pnum a\u00f0 \u00feessu sinni:<\/p>\n<p>Aron \u00de\u00f3r\u00f0ur Albertsson \u00a0 \u00a0 \u00a0 \u00a0 \u00a0 \u00a0 \u00a0 \u00a0 \u00a0 \u00a0 \u00a0 \u00a0 \u00a0 \u00a0 \u00a0 \u00a0 \u00a0FRAM<\/p>\n<p>Gangi ykkur vel str\u00e1kar!<\/p>","protected":false},"excerpt":{"rendered":"<p>Vi\u00f0 FRAMarar erum stoltir af \u00fev\u00ed \u00feegar okkar leikmenn eru valdir \u00ed landsli\u00f0 \u00cdslands. N\u00fa er KS\u00cd a\u00f0 velja \u00e6fingah\u00f3pa fyrir U17 og U19 \u00e1ra landsli\u00f0 \u00cdslands. Vi\u00f0 FRAMarar eigum [&hellip;]<\/p>","protected":false},"author":6,"featured_media":4556,"comment_status":"open","ping_status":"open","sticky":false,"template":"","format":"standard","meta":{"_monsterinsights_skip_tracking":false,"_monsterinsights_sitenote_active":false,"_monsterinsights_sitenote_note":"","_monsterinsights_sitenote_category":0,"_jetpack_memberships_contains_paid_content":false,"footnotes":""},"categories":[10,9],"tags":[],"class_list":["post-4833","post","type-post","status-publish","format-standard","has-post-thumbnail","hentry","category-frettir","category-fotbolti"],"jetpack_sharing_enabled":true,"jetpack_featured_media_url":"https:\/\/fram.is\/wp-content\/uploads\/2013\/10\/3-fl-ka-kv-vefur.jpg","_links":{"self":[{"href":"https:\/\/fram.is\/is\/wp-json\/wp\/v2\/posts\/4833","targetHints":{"allow":["GET"]}}],"collection":[{"href":"https:\/\/fram.is\/is\/wp-json\/wp\/v2\/posts"}],"about":[{"href":"https:\/\/fram.is\/is\/wp-json\/wp\/v2\/types\/post"}],"author":[{"embeddable":true,"href":"https:\/\/fram.is\/is\/wp-json\/wp\/v2\/users\/6"}],"replies":[{"embeddable":true,"href":"https:\/\/fram.is\/is\/wp-json\/wp\/v2\/comments?post=4833"}],"version-history":[{"count":0,"href":"https:\/\/fram.is\/is\/wp-json\/wp\/v2\/posts\/4833\/revisions"}],"wp:featuredmedia":[{"embeddable":true,"href":"https:\/\/fram.is\/is\/wp-json\/wp\/v2\/media\/4556"}],"wp:attachment":[{"href":"https:\/\/fram.is\/is\/wp-json\/wp\/v2\/media?parent=4833"}],"wp:term":[{"taxonomy":"category","embeddable":true,"href":"https:\/\/fram.is\/is\/wp-json\/wp\/v2\/categories?post=4833"},{"taxonomy":"post_tag","embeddable":true,"href":"https:\/\/fram.is\/is\/wp-json\/wp\/v2\/tags?post=4833"}],"curies":[{"name":"wp","href":"https:\/\/api.w.org\/{rel}","templated":true}]}}