{"id":4841,"date":"2013-11-01T10:52:45","date_gmt":"2013-11-01T10:52:45","guid":{"rendered":"http:\/\/fram.is\/?p=4841"},"modified":"2013-11-01T10:52:45","modified_gmt":"2013-11-01T10:52:45","slug":"bjarni-holm-og-viktor-bjarki-framlengja-vid-fram","status":"publish","type":"post","link":"https:\/\/fram.is\/is\/2013\/11\/01\/bjarni-holm-og-viktor-bjarki-framlengja-vid-fram\/","title":{"rendered":"Bjarni H\u00f3lm og Viktor Bjarki framlengja vi\u00f0 Fram"},"content":{"rendered":"<p><a href=\"http:\/\/fram.is\/wp-content\/uploads\/2013\/08\/007.jpg\"><img fetchpriority=\"high\" decoding=\"async\" class=\"alignright size-medium wp-image-4137\" alt=\"007\" src=\"http:\/\/fram.is\/wp-content\/uploads\/2013\/08\/007-198x300.jpg\" width=\"198\" height=\"300\" srcset=\"https:\/\/fram.is\/wp-content\/uploads\/2013\/08\/007-198x300.jpg 198w, https:\/\/fram.is\/wp-content\/uploads\/2013\/08\/007.jpg 393w\" sizes=\"(max-width: 198px) 100vw, 198px\" \/><\/a>Tveir af reynslumestu leikm\u00f6nnum Fram, mi\u00f0v\u00f6r\u00f0urinn Bjarni H\u00f3lm 29 \u00e1ra og mi\u00f0juma\u00f0urinn Viktor Bjarki Arnarsson 30 \u00e1ra, framlengdu samninga s\u00edna vi\u00f0 Fram \u00ed vikunni. Bjarni til \u00e1rsins 2015 og Viktor Bjarki til 2016. Fram fagnar \u00fev\u00ed a\u00f0 hafa n\u00e1\u00f0 samningum vi\u00f0 \u00feessa leikmenn sem eru mikilv\u00e6gir \u00ed framt\u00ed\u00f0ar\u00e1\u00e6tlunum f\u00e9lagsins.<br \/>\nFram hefur \u00e1 undanf\u00f6rnum vikum sami\u00f0 vi\u00f0 sj\u00f6 unga leikmenn en mikilv\u00e6gt er a\u00f0 tryggja a\u00f0 reynsla s\u00e9 til sta\u00f0ar \u00ed h\u00f3pnum og eru n\u00fdir samningar vi\u00f0 Bjarna og Viktor Bjarka li\u00f0ur \u00ed \u00fev\u00ed.<\/p>","protected":false},"excerpt":{"rendered":"<p>Tveir af reynslumestu leikm\u00f6nnum Fram, mi\u00f0v\u00f6r\u00f0urinn Bjarni H\u00f3lm 29 \u00e1ra og mi\u00f0juma\u00f0urinn Viktor Bjarki Arnarsson 30 \u00e1ra, framlengdu samninga s\u00edna vi\u00f0 Fram \u00ed vikunni. Bjarni til \u00e1rsins 2015 og Viktor [&hellip;]<\/p>","protected":false},"author":4,"featured_media":3844,"comment_status":"open","ping_status":"open","sticky":false,"template":"","format":"standard","meta":{"_monsterinsights_skip_tracking":false,"_monsterinsights_sitenote_active":false,"_monsterinsights_sitenote_note":"","_monsterinsights_sitenote_category":0,"_jetpack_memberships_contains_paid_content":false,"footnotes":""},"categories":[11,10,9],"tags":[],"class_list":["post-4841","post","type-post","status-publish","format-standard","has-post-thumbnail","hentry","category-mflkarla","category-frettir","category-fotbolti"],"jetpack_sharing_enabled":true,"jetpack_featured_media_url":"https:\/\/fram.is\/wp-content\/uploads\/2013\/07\/vba2-fotbn-fors.jpg","_links":{"self":[{"href":"https:\/\/fram.is\/is\/wp-json\/wp\/v2\/posts\/4841","targetHints":{"allow":["GET"]}}],"collection":[{"href":"https:\/\/fram.is\/is\/wp-json\/wp\/v2\/posts"}],"about":[{"href":"https:\/\/fram.is\/is\/wp-json\/wp\/v2\/types\/post"}],"author":[{"embeddable":true,"href":"https:\/\/fram.is\/is\/wp-json\/wp\/v2\/users\/4"}],"replies":[{"embeddable":true,"href":"https:\/\/fram.is\/is\/wp-json\/wp\/v2\/comments?post=4841"}],"version-history":[{"count":0,"href":"https:\/\/fram.is\/is\/wp-json\/wp\/v2\/posts\/4841\/revisions"}],"wp:featuredmedia":[{"embeddable":true,"href":"https:\/\/fram.is\/is\/wp-json\/wp\/v2\/media\/3844"}],"wp:attachment":[{"href":"https:\/\/fram.is\/is\/wp-json\/wp\/v2\/media?parent=4841"}],"wp:term":[{"taxonomy":"category","embeddable":true,"href":"https:\/\/fram.is\/is\/wp-json\/wp\/v2\/categories?post=4841"},{"taxonomy":"post_tag","embeddable":true,"href":"https:\/\/fram.is\/is\/wp-json\/wp\/v2\/tags?post=4841"}],"curies":[{"name":"wp","href":"https:\/\/api.w.org\/{rel}","templated":true}]}}