{"id":4854,"date":"2013-11-01T22:08:19","date_gmt":"2013-11-01T22:08:19","guid":{"rendered":"http:\/\/fram.is\/?p=4854"},"modified":"2013-11-01T22:08:19","modified_gmt":"2013-11-01T22:08:19","slug":"fyrsta-aefingin-undir-stjorn-bjarna-gudjonssonar","status":"publish","type":"post","link":"https:\/\/fram.is\/is\/2013\/11\/01\/fyrsta-aefingin-undir-stjorn-bjarna-gudjonssonar\/","title":{"rendered":"Fyrsta \u00e6fingin undir stj\u00f3rn Bjarna Gu\u00f0j\u00f3nssonar"},"content":{"rendered":"<p><a href=\"http:\/\/fram.is\/wp-content\/uploads\/2013\/11\/Flottir.jpg\"><img fetchpriority=\"high\" decoding=\"async\" class=\"alignright size-medium wp-image-4855\" alt=\"Flottir\" src=\"http:\/\/fram.is\/wp-content\/uploads\/2013\/11\/Flottir-300x200.jpg\" width=\"300\" height=\"200\" \/><\/a><\/p>\n<p>Bjarni Gu\u00f0j\u00f3nsson, sem r\u00e1\u00f0inn var \u00fej\u00e1lfari Fram \u00feann 9. okt\u00f3ber, stj\u00f3rna\u00f0i sinni fyrstu \u00e6fingu s\u00ed\u00f0degis \u00ed dag. R\u00edflega 20 leikmenn voru \u00e1 \u00e6fingunni \u00fear af m\u00f6rg n\u00fd andlit enda Bjarni og stj\u00f3rn f\u00e9lagsins veri\u00f0 dugleg vi\u00f0 a\u00f0 semja vi\u00f0 n\u00fdja leikmenn \u00e1 sama t\u00edma og nokkrir sem hafa veri\u00f0 lengi \u00ed herb\u00fa\u00f0um f\u00e9lagsins hafa horfi\u00f0 \u00e1 braut. Bjarni var h\u00e6st \u00e1n\u00e6g\u00f0ur me\u00f0 \u00e6finguna. &#8220;\u00c9g var spenntur fyrir en \u00feetta var enn\u00fe\u00e1 skemmtilegra en \u00e9g \u00e1tti von \u00e1. Temp\u00f3i\u00f0 \u00e1 \u00e6fingunni var gott og \u00e9g var \u00e1n\u00e6g\u00f0ur me\u00f0 \u00fea\u00f0 sem str\u00e1karnir bu\u00f0u upp \u00e1. \u00dea\u00f0 eru skemmtilegir t\u00edmar framundan h\u00e9r \u00ed Safam\u00fdrinni.&#8221;<\/p>\n<p>Me\u00f0fylgjandi eru myndir af fyrstu \u00e6fingu Bjarna Gu\u00f0j\u00f3nssonar sem \u00fej\u00e1lfara.<br \/>\n<a href=\"http:\/\/fram.is\/wp-content\/uploads\/2013\/11\/Mfl.ka_.-I.jpg\"><img decoding=\"async\" class=\"alignright size-medium wp-image-4856\" alt=\"Mfl.ka. I\" src=\"http:\/\/fram.is\/wp-content\/uploads\/2013\/11\/Mfl.ka_.-I-300x200.jpg\" width=\"300\" height=\"200\" \/><\/a> <a href=\"http:\/\/fram.is\/wp-content\/uploads\/2013\/11\/Mfl.ka_.-IV.jpg\"><img decoding=\"async\" class=\"alignright size-medium wp-image-4857\" alt=\"Mfl.ka. IV\" src=\"http:\/\/fram.is\/wp-content\/uploads\/2013\/11\/Mfl.ka_.-IV-300x200.jpg\" width=\"300\" height=\"200\" \/><\/a> <a href=\"http:\/\/fram.is\/wp-content\/uploads\/2013\/11\/mfl.ka_.II_.jpg\"><img loading=\"lazy\" decoding=\"async\" class=\"alignright size-medium wp-image-4860\" alt=\"mfl.ka.II\" src=\"http:\/\/fram.is\/wp-content\/uploads\/2013\/11\/mfl.ka_.II_-300x200.jpg\" width=\"300\" height=\"200\" \/><\/a> <a href=\"http:\/\/fram.is\/wp-content\/uploads\/2013\/11\/IMG_0894.jpg\"><img loading=\"lazy\" decoding=\"async\" class=\"alignright size-medium wp-image-4861\" alt=\"IMG_0894\" src=\"http:\/\/fram.is\/wp-content\/uploads\/2013\/11\/IMG_0894-300x200.jpg\" width=\"300\" height=\"200\" \/><\/a><\/p>","protected":false},"excerpt":{"rendered":"<p>Bjarni Gu\u00f0j\u00f3nsson, sem r\u00e1\u00f0inn var \u00fej\u00e1lfari Fram \u00feann 9. okt\u00f3ber, stj\u00f3rna\u00f0i sinni fyrstu \u00e6fingu s\u00ed\u00f0degis \u00ed dag. R\u00edflega 20 leikmenn voru \u00e1 \u00e6fingunni \u00fear af m\u00f6rg n\u00fd andlit enda Bjarni [&hellip;]<\/p>","protected":false},"author":4,"featured_media":4858,"comment_status":"open","ping_status":"open","sticky":false,"template":"","format":"standard","meta":{"_monsterinsights_skip_tracking":false,"_monsterinsights_sitenote_active":false,"_monsterinsights_sitenote_note":"","_monsterinsights_sitenote_category":0,"_jetpack_memberships_contains_paid_content":false,"footnotes":""},"categories":[11,10,9],"tags":[],"class_list":["post-4854","post","type-post","status-publish","format-standard","has-post-thumbnail","hentry","category-mflkarla","category-frettir","category-fotbolti"],"jetpack_sharing_enabled":true,"jetpack_featured_media_url":"https:\/\/fram.is\/wp-content\/uploads\/2013\/11\/j\u00e1lfarar-FRAM-scaled.jpg","_links":{"self":[{"href":"https:\/\/fram.is\/is\/wp-json\/wp\/v2\/posts\/4854","targetHints":{"allow":["GET"]}}],"collection":[{"href":"https:\/\/fram.is\/is\/wp-json\/wp\/v2\/posts"}],"about":[{"href":"https:\/\/fram.is\/is\/wp-json\/wp\/v2\/types\/post"}],"author":[{"embeddable":true,"href":"https:\/\/fram.is\/is\/wp-json\/wp\/v2\/users\/4"}],"replies":[{"embeddable":true,"href":"https:\/\/fram.is\/is\/wp-json\/wp\/v2\/comments?post=4854"}],"version-history":[{"count":0,"href":"https:\/\/fram.is\/is\/wp-json\/wp\/v2\/posts\/4854\/revisions"}],"wp:featuredmedia":[{"embeddable":true,"href":"https:\/\/fram.is\/is\/wp-json\/wp\/v2\/media\/4858"}],"wp:attachment":[{"href":"https:\/\/fram.is\/is\/wp-json\/wp\/v2\/media?parent=4854"}],"wp:term":[{"taxonomy":"category","embeddable":true,"href":"https:\/\/fram.is\/is\/wp-json\/wp\/v2\/categories?post=4854"},{"taxonomy":"post_tag","embeddable":true,"href":"https:\/\/fram.is\/is\/wp-json\/wp\/v2\/tags?post=4854"}],"curies":[{"name":"wp","href":"https:\/\/api.w.org\/{rel}","templated":true}]}}