{"id":5193,"date":"2013-12-09T10:42:22","date_gmt":"2013-12-09T10:42:22","guid":{"rendered":"http:\/\/fram.is\/?p=5193"},"modified":"2013-12-09T10:42:22","modified_gmt":"2013-12-09T10:42:22","slug":"johannes-karl-gudjonsson-gengur-til-lids-vid-fram","status":"publish","type":"post","link":"https:\/\/fram.is\/is\/2013\/12\/09\/johannes-karl-gudjonsson-gengur-til-lids-vid-fram\/","title":{"rendered":"J\u00f3hannes Karl Gu\u00f0j\u00f3nsson gengur til li\u00f0s vi\u00f0 Fram"},"content":{"rendered":"<p><a href=\"http:\/\/fram.is\/wp-content\/uploads\/2013\/12\/J\u00f3i-Kallir-og-Lelli-g\u00f3\u00f0ir.jpg\"><img fetchpriority=\"high\" decoding=\"async\" class=\"alignright size-medium wp-image-5196\" alt=\"J\u00f3i Kallir og Lelli g\u00f3\u00f0ir\" src=\"http:\/\/fram.is\/wp-content\/uploads\/2013\/12\/J\u00f3i-Kallir-og-Lelli-g\u00f3\u00f0ir-300x200.jpg\" width=\"300\" height=\"200\" \/><\/a><a href=\"http:\/\/fram.is\/wp-content\/uploads\/2013\/12\/J\u00f3i-og-str\u00e1karnir.jpg\"><img decoding=\"async\" class=\"alignright size-medium wp-image-5205\" alt=\"J\u00f3i og str\u00e1karnir\" src=\"http:\/\/fram.is\/wp-content\/uploads\/2013\/12\/J\u00f3i-og-str\u00e1karnir-300x200.jpg\" width=\"300\" height=\"200\" \/><\/a>J\u00f3hannes Karl Gu\u00f0j\u00f3nsson hefur skrifa\u00f0 undir 2 \u00e1ra samning vi\u00f0 Fram. J\u00f3hannes Karl, sem er 33 \u00e1ra gamall, hefur leiki\u00f0 me\u00f0 li\u00f0um \u00ed efstu deild \u00ed Belg\u00edu, Hollandi, Sp\u00e1ni og Englandi. Hann \u00e1 a\u00f0 baki 34 A-landsleiki fyrir \u00cdsland.<\/p>\n<p>J\u00f3hannes Karl var 18 \u00e1ra \u00feegar hann spila\u00f0i s\u00edna fyrstu leiki \u00ed \u00farvalsdeild fyrir \u00cdA \u00e1ri\u00f0 1998. \u00dea\u00f0 sama \u00e1r gekk hann til li\u00f0s vi\u00f0 Racing Genk \u00ed Belg\u00edu og var\u00f0 hann belg\u00edskur meistari me\u00f0 \u00fev\u00ed f\u00e9lagi. \u00c1 14 \u00e1ra atvinnmannaferli l\u00e9k J\u00f3hannes Karl einnig me\u00f0 RKC Waalwijk, Real Betis, Aston Villa, Wolverhampton Wanderers, Leicester City, AZ Alkmar, Burnley og Huddersfield Town.<br \/>\nFram telur gr\u00ed\u00f0arlegan feng \u00ed \u00fev\u00ed a\u00f0 f\u00e1 J\u00f3hannes Karl til li\u00f0s vi\u00f0 f\u00e9lagi\u00f0, umfangsmikil reynsla hans og h\u00e6fileikar koma til me\u00f0 a\u00f0 n\u00fdtast ungum leikmannah\u00f3pi Fram afar vel \u00ed bar\u00e1ttunni framundan. Fram b\u00fd\u00f0ur J\u00f3hannes Karl velkominn til f\u00e9lagsins og v\u00e6ntir mikils af samstarfinu.<\/p>","protected":false},"excerpt":{"rendered":"<p>J\u00f3hannes Karl Gu\u00f0j\u00f3nsson hefur skrifa\u00f0 undir 2 \u00e1ra samning vi\u00f0 Fram. J\u00f3hannes Karl, sem er 33 \u00e1ra gamall, hefur leiki\u00f0 me\u00f0 li\u00f0um \u00ed efstu deild \u00ed Belg\u00edu, Hollandi, Sp\u00e1ni og [&hellip;]<\/p>","protected":false},"author":4,"featured_media":5201,"comment_status":"open","ping_status":"open","sticky":false,"template":"","format":"standard","meta":{"_monsterinsights_skip_tracking":false,"_monsterinsights_sitenote_active":false,"_monsterinsights_sitenote_note":"","_monsterinsights_sitenote_category":0,"_jetpack_memberships_contains_paid_content":false,"footnotes":""},"categories":[11,9],"tags":[],"class_list":["post-5193","post","type-post","status-publish","format-standard","has-post-thumbnail","hentry","category-mflkarla","category-fotbolti"],"jetpack_sharing_enabled":true,"jetpack_featured_media_url":"https:\/\/fram.is\/wp-content\/uploads\/2013\/12\/Bjarni-og-J\u00f3hannes-Karl-vefur-scaled.jpg","_links":{"self":[{"href":"https:\/\/fram.is\/is\/wp-json\/wp\/v2\/posts\/5193","targetHints":{"allow":["GET"]}}],"collection":[{"href":"https:\/\/fram.is\/is\/wp-json\/wp\/v2\/posts"}],"about":[{"href":"https:\/\/fram.is\/is\/wp-json\/wp\/v2\/types\/post"}],"author":[{"embeddable":true,"href":"https:\/\/fram.is\/is\/wp-json\/wp\/v2\/users\/4"}],"replies":[{"embeddable":true,"href":"https:\/\/fram.is\/is\/wp-json\/wp\/v2\/comments?post=5193"}],"version-history":[{"count":0,"href":"https:\/\/fram.is\/is\/wp-json\/wp\/v2\/posts\/5193\/revisions"}],"wp:featuredmedia":[{"embeddable":true,"href":"https:\/\/fram.is\/is\/wp-json\/wp\/v2\/media\/5201"}],"wp:attachment":[{"href":"https:\/\/fram.is\/is\/wp-json\/wp\/v2\/media?parent=5193"}],"wp:term":[{"taxonomy":"category","embeddable":true,"href":"https:\/\/fram.is\/is\/wp-json\/wp\/v2\/categories?post=5193"},{"taxonomy":"post_tag","embeddable":true,"href":"https:\/\/fram.is\/is\/wp-json\/wp\/v2\/tags?post=5193"}],"curies":[{"name":"wp","href":"https:\/\/api.w.org\/{rel}","templated":true}]}}