{"id":5224,"date":"2013-12-10T22:54:04","date_gmt":"2013-12-10T22:54:04","guid":{"rendered":"http:\/\/fram.is\/?p=5224"},"modified":"2013-12-10T22:54:04","modified_gmt":"2013-12-10T22:54:04","slug":"tap-gegn-umfa-og-bikarkeppninni-vetur-lokid","status":"publish","type":"post","link":"https:\/\/fram.is\/is\/2013\/12\/10\/tap-gegn-umfa-og-bikarkeppninni-vetur-lokid\/","title":{"rendered":"Tap gegn UMFA og bikarkeppninni \u00ed vetur loki\u00f0"},"content":{"rendered":"<p><a href=\"http:\/\/fram.is\/wp-content\/uploads\/2013\/07\/valtyr.jpg\"><img fetchpriority=\"high\" decoding=\"async\" class=\"alignright size-medium wp-image-3786\" alt=\"valtyr\" src=\"http:\/\/fram.is\/wp-content\/uploads\/2013\/07\/valtyr-300x300.jpg\" width=\"300\" height=\"300\" srcset=\"https:\/\/fram.is\/wp-content\/uploads\/2013\/07\/valtyr-300x300.jpg 300w, https:\/\/fram.is\/wp-content\/uploads\/2013\/07\/valtyr.jpg 800w, https:\/\/fram.is\/wp-content\/uploads\/2013\/07\/valtyr-100x100.jpg 100w, https:\/\/fram.is\/wp-content\/uploads\/2013\/07\/valtyr-150x150.jpg 150w, https:\/\/fram.is\/wp-content\/uploads\/2013\/07\/valtyr-768x768.jpg 768w\" sizes=\"(max-width: 300px) 100vw, 300px\" \/><\/a>J\u00e6ja bikarkeppnin ver\u00f0ur ekki a\u00f0 fl\u00e6kjast meira fyrir okkur \u00ed vetur.\u00a0 Leikurinn \u00ed kv\u00f6ld var ekki g\u00f3\u00f0ur af okkar h\u00e1lfu, \u00fea\u00f0 vanta\u00f0i framlag fr\u00e1 flestum leikm\u00f6nnum og einhver deyf\u00f0 yfir leik okkar. \u00a0Leikurinn byrja\u00f0i illa og \u00fea\u00f0 m\u00e1 segja a\u00f0 fyrri h\u00e1lfleikur hafi veri\u00f0 slakur, miki\u00f0 af r\u00f6ngum \u00e1kv\u00f6r\u00f0unum og misst\u00f6kin alltof m\u00f6rg, samt vorum vi\u00f0 yfir \u00ed h\u00e1lfleik 9-10.<br \/>\n\u00dea\u00f0 var eins og vi\u00f0 FRAMarar m\u00e6ttum ekki til leiks \u00ed \u00feeim s\u00ed\u00f0ari \u00fev\u00ed UMFA n\u00e1\u00f0i strax t\u00f6kum \u00e1 leiknum og \u00ed raun s\u00e1um vi\u00f0 aldrei til s\u00f3lar. \u00a0S\u00f3knarleikurinn var kraftlaus\u00a0 gegn g\u00f3\u00f0ir v\u00f6rn UMFA, v\u00f6rnin okkar var ekki \u00e1 t\u00e1num og ger\u00f0i sig seka um m\u00f6rg misst\u00f6k sem hafa veri\u00f0 sjalds\u00e9\u00f0 \u00ed vetur.\u00a0 \u00de\u00f3 a\u00f0 vi\u00f0 v\u00e6rum ekki a\u00f0 spila vel \u00ed kv\u00f6ld \u00fe\u00e1 \u00e1ttum vi\u00f0 samt m\u00f6guleika mest allan s\u00ed\u00f0ari h\u00e1lfleikinn en n\u00e1\u00f0um aldrei a\u00f0 koma okkur inn \u00ed leikinn\u00a0 og \u00fev\u00ed f\u00f3r sem f\u00f3r. Ni\u00f0ursta\u00f0an\u00a0 tap 26 -21.<\/p>\n<p>N\u00e6sti leikur okkar manna er gegn Haukum \u00ed deildarbikarnum \u00e1 f\u00f6stud. Kl. 19:30, leiki\u00f0 ver\u00f0ur a\u00f0 Strandg\u00f6tu.<\/p>\n<p>\u00c1FRAM FRAM<\/p>","protected":false},"excerpt":{"rendered":"<p>J\u00e6ja bikarkeppnin ver\u00f0ur ekki a\u00f0 fl\u00e6kjast meira fyrir okkur \u00ed vetur.\u00a0 Leikurinn \u00ed kv\u00f6ld var ekki g\u00f3\u00f0ur af okkar h\u00e1lfu, \u00fea\u00f0 vanta\u00f0i framlag fr\u00e1 flestum leikm\u00f6nnum og einhver deyf\u00f0 yfir [&hellip;]<\/p>","protected":false},"author":4,"featured_media":5210,"comment_status":"open","ping_status":"open","sticky":false,"template":"","format":"standard","meta":{"_monsterinsights_skip_tracking":false,"_monsterinsights_sitenote_active":false,"_monsterinsights_sitenote_note":"","_monsterinsights_sitenote_category":0,"_jetpack_memberships_contains_paid_content":false,"footnotes":""},"categories":[6,19],"tags":[],"class_list":["post-5224","post","type-post","status-publish","format-standard","has-post-thumbnail","hentry","category-handbolti","category-mfl-karla"],"jetpack_sharing_enabled":true,"jetpack_featured_media_url":"https:\/\/fram.is\/wp-content\/uploads\/2013\/12\/El\u00edas-gegn-UMFA-vefur.jpg","_links":{"self":[{"href":"https:\/\/fram.is\/is\/wp-json\/wp\/v2\/posts\/5224","targetHints":{"allow":["GET"]}}],"collection":[{"href":"https:\/\/fram.is\/is\/wp-json\/wp\/v2\/posts"}],"about":[{"href":"https:\/\/fram.is\/is\/wp-json\/wp\/v2\/types\/post"}],"author":[{"embeddable":true,"href":"https:\/\/fram.is\/is\/wp-json\/wp\/v2\/users\/4"}],"replies":[{"embeddable":true,"href":"https:\/\/fram.is\/is\/wp-json\/wp\/v2\/comments?post=5224"}],"version-history":[{"count":0,"href":"https:\/\/fram.is\/is\/wp-json\/wp\/v2\/posts\/5224\/revisions"}],"wp:featuredmedia":[{"embeddable":true,"href":"https:\/\/fram.is\/is\/wp-json\/wp\/v2\/media\/5210"}],"wp:attachment":[{"href":"https:\/\/fram.is\/is\/wp-json\/wp\/v2\/media?parent=5224"}],"wp:term":[{"taxonomy":"category","embeddable":true,"href":"https:\/\/fram.is\/is\/wp-json\/wp\/v2\/categories?post=5224"},{"taxonomy":"post_tag","embeddable":true,"href":"https:\/\/fram.is\/is\/wp-json\/wp\/v2\/tags?post=5224"}],"curies":[{"name":"wp","href":"https:\/\/api.w.org\/{rel}","templated":true}]}}