{"id":5231,"date":"2013-12-11T15:35:04","date_gmt":"2013-12-11T15:35:04","guid":{"rendered":"http:\/\/fram.is\/?p=5231"},"modified":"2013-12-11T15:35:04","modified_gmt":"2013-12-11T15:35:04","slug":"deildarbikar-karla-fram-haukar-fostud-kl-1930","status":"publish","type":"post","link":"https:\/\/fram.is\/is\/2013\/12\/11\/deildarbikar-karla-fram-haukar-fostud-kl-1930\/","title":{"rendered":"Deildarbikar karla  FRAM &#8211; Haukar, f\u00f6stud. kl. 19:30"},"content":{"rendered":"<p>Eins og margir hafa eflaust teki\u00f0 eftir \u00fe\u00e1 hafa drengirnir okkar \u00ed mfl.ka. veri\u00f0 a\u00f0 spila vel \u00fea\u00f0 sem af er vetri og<br \/>\n\u00fea\u00f0 skila\u00f0i \u00fev\u00ed a\u00f0 eftir 11 umfer\u00f0ir \u00ed deildinn eru \u00feeir n\u00fana \u00ed 4 s\u00e6ti. \u00a0\u00deetta ver\u00f0ur a\u00f0 teljast gott mi\u00f0a\u00f0 vi\u00f0 \u00fe\u00e6r breytingar sem hafa or\u00f0i\u00f0 \u00e1 li\u00f0inu fr\u00e1 \u00fev\u00ed \u00ed fyrra. \u00a0\u00deetta \u00fe\u00fd\u00f0ir a\u00f0 li\u00f0i\u00f0 hefur tryggt s\u00e9r s\u00e6ti \u00ed Deildarbikarkeppni<br \/>\nHS\u00cd sem \u00feetta \u00e1ri\u00f0 ver\u00f0ur leikin um n\u00e6stu helgi \u00a0\u00fe.e dagana 13 og 14. des. \u00a0Leiki\u00f0 ver\u00f0ur a\u00f0 Strandg\u00f6tu \u00ed Hafnarfir\u00f0i og eigum vi\u00f0 leik \u00e1 f\u00f6stud. kl. 19:30 vi\u00f0 Hauka. \u00a0\u00dea\u00f0 v\u00e6ri gaman a\u00f0 sj\u00e1 sem flesta FRAMara \u00e1 leiknum \u00e1 f\u00f6stud.<br \/>\n<a href=\"http:\/\/fram.is\/wp-content\/uploads\/2013\/12\/Haukar-Fram-Deildarbikar-190913.jpg\"><img fetchpriority=\"high\" decoding=\"async\" class=\"alignright size-full wp-image-5232\" alt=\"Haukar-Fram - Deildarbikar - 190913\" src=\"http:\/\/fram.is\/wp-content\/uploads\/2013\/12\/Haukar-Fram-Deildarbikar-190913.jpg\" width=\"640\" height=\"320\" \/><\/a>\u00c1FRAM FRAM !<\/p>","protected":false},"excerpt":{"rendered":"<p>Eins og margir hafa eflaust teki\u00f0 eftir \u00fe\u00e1 hafa drengirnir okkar \u00ed mfl.ka. veri\u00f0 a\u00f0 spila vel \u00fea\u00f0 sem af er vetri og \u00fea\u00f0 skila\u00f0i \u00fev\u00ed a\u00f0 eftir 11 umfer\u00f0ir [&hellip;]<\/p>","protected":false},"author":4,"featured_media":5233,"comment_status":"open","ping_status":"open","sticky":false,"template":"","format":"standard","meta":{"_monsterinsights_skip_tracking":false,"_monsterinsights_sitenote_active":false,"_monsterinsights_sitenote_note":"","_monsterinsights_sitenote_category":0,"_jetpack_memberships_contains_paid_content":false,"footnotes":""},"categories":[6,19],"tags":[],"class_list":["post-5231","post","type-post","status-publish","format-standard","has-post-thumbnail","hentry","category-handbolti","category-mfl-karla"],"jetpack_sharing_enabled":true,"jetpack_featured_media_url":"https:\/\/fram.is\/wp-content\/uploads\/2013\/12\/Stephen-Nielsen-vefur.jpg","_links":{"self":[{"href":"https:\/\/fram.is\/is\/wp-json\/wp\/v2\/posts\/5231","targetHints":{"allow":["GET"]}}],"collection":[{"href":"https:\/\/fram.is\/is\/wp-json\/wp\/v2\/posts"}],"about":[{"href":"https:\/\/fram.is\/is\/wp-json\/wp\/v2\/types\/post"}],"author":[{"embeddable":true,"href":"https:\/\/fram.is\/is\/wp-json\/wp\/v2\/users\/4"}],"replies":[{"embeddable":true,"href":"https:\/\/fram.is\/is\/wp-json\/wp\/v2\/comments?post=5231"}],"version-history":[{"count":0,"href":"https:\/\/fram.is\/is\/wp-json\/wp\/v2\/posts\/5231\/revisions"}],"wp:featuredmedia":[{"embeddable":true,"href":"https:\/\/fram.is\/is\/wp-json\/wp\/v2\/media\/5233"}],"wp:attachment":[{"href":"https:\/\/fram.is\/is\/wp-json\/wp\/v2\/media?parent=5231"}],"wp:term":[{"taxonomy":"category","embeddable":true,"href":"https:\/\/fram.is\/is\/wp-json\/wp\/v2\/categories?post=5231"},{"taxonomy":"post_tag","embeddable":true,"href":"https:\/\/fram.is\/is\/wp-json\/wp\/v2\/tags?post=5231"}],"curies":[{"name":"wp","href":"https:\/\/api.w.org\/{rel}","templated":true}]}}