{"id":5236,"date":"2013-12-11T20:22:07","date_gmt":"2013-12-11T20:22:07","guid":{"rendered":"http:\/\/fram.is\/?p=5236"},"modified":"2013-12-11T20:22:07","modified_gmt":"2013-12-11T20:22:07","slug":"5-leikmenn-fra-fram-landslidshopum-ksi","status":"publish","type":"post","link":"https:\/\/fram.is\/is\/2013\/12\/11\/5-leikmenn-fra-fram-landslidshopum-ksi\/","title":{"rendered":"5 leikmenn fr\u00e1 FRAM \u00ed landsli\u00f0sh\u00f3pum KS\u00cd"},"content":{"rendered":"<p><b><a href=\"http:\/\/fram.is\/wp-content\/uploads\/2013\/12\/IMG_0805.jpg\"><img fetchpriority=\"high\" decoding=\"async\" class=\"alignright size-medium wp-image-5218\" alt=\"IMG_0805\" src=\"http:\/\/fram.is\/wp-content\/uploads\/2013\/12\/IMG_0805-300x200.jpg\" width=\"300\" height=\"200\" \/><\/a>Vi\u00f0 FRAMarar erum stoltir af \u00fev\u00ed \u00feegar okkar leikmenn eru valdir \u00ed landsli\u00f0 \u00cdslands.<br \/>\nN\u00fa er KS\u00cd a\u00f0 velja \u00e6fingah\u00f3pa fyrir yngri landsli\u00f0 \u00cdslands. Vi\u00f0 FRAMarar eigum 5 \u00a0leikmenn sem taka \u00fe\u00e1tt a\u00f0 \u00a0\u00feessu sinni.<\/b><\/p>\n<p><b>U-19 karla<br \/>\n<\/b><b>Aron Bjarnason \u00a0 \u00a0 \u00a0 \u00a0 \u00a0 \u00a0 \u00a0 \u00a0 \u00a0 \u00a0 \u00a0 \u00a0 \u00a0 \u00a0 \u00a0 \u00a0 \u00a0 \u00a0 \u00a0 \u00a0FRAM<br \/>\nBenedikt Okt\u00f3 Bjarnason \u00a0 \u00a0 \u00a0 \u00a0 \u00a0 \u00a0 \u00a0 \u00a0 \u00a0 \u00a0 \u00a0FRAM<br \/>\n\u00d3svald Jarl Traustason \u00a0 \u00a0 \u00a0 \u00a0 \u00a0 \u00a0 \u00a0 \u00a0 \u00a0 \u00a0 \u00a0 \u00a0 FRAM<\/b><\/p>\n<p><strong>U-17 karla<\/strong><\/p>\n<p><strong>Andri S\u00f3lbergsson \u00a0 \u00a0 \u00a0 \u00a0 \u00a0 \u00a0 \u00a0 \u00a0 \u00a0 \u00a0 \u00a0 \u00a0 \u00a0 \u00a0 \u00a0 \u00a0 \u00a0FRAM<br \/>\nArn\u00f3r Da\u00f0i A\u00f0alsteinsson \u00a0 \u00a0 \u00a0 \u00a0 \u00a0 \u00a0 \u00a0 \u00a0 \u00a0 \u00a0 FRAM\u00a0<\/strong><\/p>\n<p><b>Gangi ykkur vel drengir.<\/b><\/p>","protected":false},"excerpt":{"rendered":"<p>Vi\u00f0 FRAMarar erum stoltir af \u00fev\u00ed \u00feegar okkar leikmenn eru valdir \u00ed landsli\u00f0 \u00cdslands. N\u00fa er KS\u00cd a\u00f0 velja \u00e6fingah\u00f3pa fyrir yngri landsli\u00f0 \u00cdslands. Vi\u00f0 FRAMarar eigum 5 \u00a0leikmenn sem [&hellip;]<\/p>","protected":false},"author":4,"featured_media":3487,"comment_status":"open","ping_status":"open","sticky":false,"template":"","format":"standard","meta":{"_monsterinsights_skip_tracking":false,"_monsterinsights_sitenote_active":false,"_monsterinsights_sitenote_note":"","_monsterinsights_sitenote_category":0,"_jetpack_memberships_contains_paid_content":false,"footnotes":""},"categories":[11,9,13],"tags":[],"class_list":["post-5236","post","type-post","status-publish","format-standard","has-post-thumbnail","hentry","category-mflkarla","category-fotbolti","category-yngriflokkar"],"jetpack_sharing_enabled":true,"jetpack_featured_media_url":"https:\/\/fram.is\/wp-content\/uploads\/2013\/06\/Fram-Stjarnan2011b.jpg","_links":{"self":[{"href":"https:\/\/fram.is\/is\/wp-json\/wp\/v2\/posts\/5236","targetHints":{"allow":["GET"]}}],"collection":[{"href":"https:\/\/fram.is\/is\/wp-json\/wp\/v2\/posts"}],"about":[{"href":"https:\/\/fram.is\/is\/wp-json\/wp\/v2\/types\/post"}],"author":[{"embeddable":true,"href":"https:\/\/fram.is\/is\/wp-json\/wp\/v2\/users\/4"}],"replies":[{"embeddable":true,"href":"https:\/\/fram.is\/is\/wp-json\/wp\/v2\/comments?post=5236"}],"version-history":[{"count":0,"href":"https:\/\/fram.is\/is\/wp-json\/wp\/v2\/posts\/5236\/revisions"}],"wp:featuredmedia":[{"embeddable":true,"href":"https:\/\/fram.is\/is\/wp-json\/wp\/v2\/media\/3487"}],"wp:attachment":[{"href":"https:\/\/fram.is\/is\/wp-json\/wp\/v2\/media?parent=5236"}],"wp:term":[{"taxonomy":"category","embeddable":true,"href":"https:\/\/fram.is\/is\/wp-json\/wp\/v2\/categories?post=5236"},{"taxonomy":"post_tag","embeddable":true,"href":"https:\/\/fram.is\/is\/wp-json\/wp\/v2\/tags?post=5236"}],"curies":[{"name":"wp","href":"https:\/\/api.w.org\/{rel}","templated":true}]}}