{"id":5264,"date":"2013-12-13T15:24:33","date_gmt":"2013-12-13T15:24:33","guid":{"rendered":"http:\/\/fram.is\/?p=5264"},"modified":"2013-12-13T15:24:33","modified_gmt":"2013-12-13T15:24:33","slug":"aefingaleikur-vid-breidablik-laugardag","status":"publish","type":"post","link":"https:\/\/fram.is\/is\/2013\/12\/13\/aefingaleikur-vid-breidablik-laugardag\/","title":{"rendered":"\u00c6fingaleikur vi\u00f0 Brei\u00f0ablik \u00e1 laugardag"},"content":{"rendered":"<p><a href=\"http:\/\/fram.is\/wp-content\/uploads\/2013\/11\/\u00dej\u00e1lfarar-FRAM.jpg\"><img decoding=\"async\" class=\"alignright size-medium wp-image-4858\" alt=\"\u00dej\u00e1lfarar FRAM\" src=\"http:\/\/fram.is\/wp-content\/uploads\/2013\/11\/\u00dej\u00e1lfarar-FRAM-300x130.jpg\" width=\"300\" height=\"130\" \/><\/a>Meistaraflokkur FRAM \u00ed knattspyrnu spilar \u00e6fingaleik vi\u00f0 Brei\u00f0ablik \u00ed F\u00edfunni kl. 11 \u00e1 laugardag. \u00deetta ver\u00f0ur fj\u00f3r\u00f0i \u00e6fingaleikur FRAM \u00e1 einum m\u00e1nu\u00f0i en hinir \u00fer\u00edr voru gegn \u00cdA, Selfossi og Gr\u00f3ttu og unnust allir.<\/p>","protected":false},"excerpt":{"rendered":"<p>Meistaraflokkur FRAM \u00ed knattspyrnu spilar \u00e6fingaleik vi\u00f0 Brei\u00f0ablik \u00ed F\u00edfunni kl. 11 \u00e1 laugardag. \u00deetta ver\u00f0ur fj\u00f3r\u00f0i \u00e6fingaleikur FRAM \u00e1 einum m\u00e1nu\u00f0i en hinir \u00fer\u00edr voru gegn \u00cdA, Selfossi og [&hellip;]<\/p>","protected":false},"author":4,"featured_media":4079,"comment_status":"open","ping_status":"open","sticky":false,"template":"","format":"standard","meta":{"_monsterinsights_skip_tracking":false,"_monsterinsights_sitenote_active":false,"_monsterinsights_sitenote_note":"","_monsterinsights_sitenote_category":0,"_jetpack_memberships_contains_paid_content":false,"footnotes":""},"categories":[11,9],"tags":[],"class_list":["post-5264","post","type-post","status-publish","format-standard","has-post-thumbnail","hentry","category-mflkarla","category-fotbolti"],"jetpack_sharing_enabled":true,"jetpack_featured_media_url":"https:\/\/fram.is\/wp-content\/uploads\/2013\/08\/CAM00047fors.jpg","_links":{"self":[{"href":"https:\/\/fram.is\/is\/wp-json\/wp\/v2\/posts\/5264","targetHints":{"allow":["GET"]}}],"collection":[{"href":"https:\/\/fram.is\/is\/wp-json\/wp\/v2\/posts"}],"about":[{"href":"https:\/\/fram.is\/is\/wp-json\/wp\/v2\/types\/post"}],"author":[{"embeddable":true,"href":"https:\/\/fram.is\/is\/wp-json\/wp\/v2\/users\/4"}],"replies":[{"embeddable":true,"href":"https:\/\/fram.is\/is\/wp-json\/wp\/v2\/comments?post=5264"}],"version-history":[{"count":0,"href":"https:\/\/fram.is\/is\/wp-json\/wp\/v2\/posts\/5264\/revisions"}],"wp:featuredmedia":[{"embeddable":true,"href":"https:\/\/fram.is\/is\/wp-json\/wp\/v2\/media\/4079"}],"wp:attachment":[{"href":"https:\/\/fram.is\/is\/wp-json\/wp\/v2\/media?parent=5264"}],"wp:term":[{"taxonomy":"category","embeddable":true,"href":"https:\/\/fram.is\/is\/wp-json\/wp\/v2\/categories?post=5264"},{"taxonomy":"post_tag","embeddable":true,"href":"https:\/\/fram.is\/is\/wp-json\/wp\/v2\/tags?post=5264"}],"curies":[{"name":"wp","href":"https:\/\/api.w.org\/{rel}","templated":true}]}}