{"id":5404,"date":"2014-01-07T14:30:39","date_gmt":"2014-01-07T14:30:39","guid":{"rendered":"http:\/\/fram.is\/?p=5404"},"modified":"2014-01-07T14:30:39","modified_gmt":"2014-01-07T14:30:39","slug":"almenningsithrottadeild-fram-auglysir-eftir-hlaupathjalfara","status":"publish","type":"post","link":"https:\/\/fram.is\/is\/2014\/01\/07\/almenningsithrottadeild-fram-auglysir-eftir-hlaupathjalfara\/","title":{"rendered":"Almennings\u00ed\u00fer\u00f3ttadeild FRAM augl\u00fdsir eftir hlaupa\u00fej\u00e1lfara"},"content":{"rendered":"<p><a href=\"http:\/\/fram.is\/wp-content\/uploads\/2014\/01\/Skokkh\u00f3pur-28-feb-2013-Ingunnarsk\u00f3la.jpg\"><img fetchpriority=\"high\" decoding=\"async\" class=\"alignright size-medium wp-image-5416\" alt=\"Skokkh\u00f3pur 28 feb 2013 Ingunnarsk\u00f3la\" src=\"http:\/\/fram.is\/wp-content\/uploads\/2014\/01\/Skokkh\u00f3pur-28-feb-2013-Ingunnarsk\u00f3la-300x200.jpg\" width=\"300\" height=\"200\" \/><\/a>Knattspyrnuf\u00e9lagi\u00f0 FRAM augl\u00fdsir eftir hlaupa\u00fej\u00e1lfara fyrir \u00a0Almennings\u00ed\u00fer\u00f3ttadeild FRAM. \u00a0 Um er a\u00f0 r\u00e6\u00f0a hlaupa og\/e\u00f0a styrktar\u00fej\u00e1lfum fyrir hlaupah\u00f3p FRAM\u00a0 \u00ed Grafarholti og \u00dalfars\u00e1rdal.<\/p>\n<p>Vi\u00f0 leitum eftir \u00e1hugas\u00f6mum einstakling sem hefur \u00e1huga hlaupum og hefur gaman af \u00fev\u00ed a\u00f0 vinna me\u00f0 f\u00f3lki \u00e1 \u00f6llum aldri.\u00a0 Vi\u00f0 leitum eftir einstaklingi sem er tlb\u00fainn a\u00f0 hlaupa me\u00f0 h\u00f3pnum , taka \u00fe\u00e1tt \u00ed skemmtilegum f\u00e9lagsskap og lei\u00f0a h\u00f3pinn \u00e1fram\u00a0 til framt\u00ed\u00f0ar.<\/p>\n<p><a href=\"http:\/\/fram.is\/wp-content\/uploads\/2014\/01\/\u00c6fing-\u00ed-Leirdal-II.jpg\"><img decoding=\"async\" class=\"alignright size-medium wp-image-5418\" alt=\"\u00c6fing \u00ed Leirdal II\" src=\"http:\/\/fram.is\/wp-content\/uploads\/2014\/01\/\u00c6fing-\u00ed-Leirdal-II-300x200.jpg\" width=\"300\" height=\"200\" \/><\/a>\u00c1hugasamir vinsamlega hafi\u00f0 samband vi\u00f0 \u00c1sd\u00edsi Gu\u00f0nad\u00f3ttur\u00a0 S. 6596066 \u00a0<a href=\"mailto:asdis3101@internet.is\">asdis3101@internet.is<\/a>\u00a0 e\u00f0a<br \/>\n\u00de\u00f3r Bj\u00f6rnsson \u00ed\u00fer\u00f3ttastj\u00f3ra FRAM, \u00a0<a href=\"mailto:toti@fram.is\">toti@fram.is<\/a>\u00a0\u00a0 e\u00f0a \u00ed s\u00edma 533-560<\/p>","protected":false},"excerpt":{"rendered":"<p>Knattspyrnuf\u00e9lagi\u00f0 FRAM augl\u00fdsir eftir hlaupa\u00fej\u00e1lfara fyrir \u00a0Almennings\u00ed\u00fer\u00f3ttadeild FRAM. \u00a0 Um er a\u00f0 r\u00e6\u00f0a hlaupa og\/e\u00f0a styrktar\u00fej\u00e1lfum fyrir hlaupah\u00f3p FRAM\u00a0 \u00ed Grafarholti og \u00dalfars\u00e1rdal. Vi\u00f0 leitum eftir \u00e1hugas\u00f6mum einstakling sem hefur [&hellip;]<\/p>","protected":false},"author":4,"featured_media":2142,"comment_status":"open","ping_status":"open","sticky":false,"template":"","format":"standard","meta":{"_monsterinsights_skip_tracking":false,"_monsterinsights_sitenote_active":false,"_monsterinsights_sitenote_note":"","_monsterinsights_sitenote_category":0,"_jetpack_memberships_contains_paid_content":false,"footnotes":""},"categories":[16],"tags":[],"class_list":["post-5404","post","type-post","status-publish","format-standard","has-post-thumbnail","hentry","category-almenndeild"],"jetpack_sharing_enabled":true,"jetpack_featured_media_url":"https:\/\/fram.is\/wp-content\/uploads\/2013\/02\/Asics_03.jpg","_links":{"self":[{"href":"https:\/\/fram.is\/is\/wp-json\/wp\/v2\/posts\/5404","targetHints":{"allow":["GET"]}}],"collection":[{"href":"https:\/\/fram.is\/is\/wp-json\/wp\/v2\/posts"}],"about":[{"href":"https:\/\/fram.is\/is\/wp-json\/wp\/v2\/types\/post"}],"author":[{"embeddable":true,"href":"https:\/\/fram.is\/is\/wp-json\/wp\/v2\/users\/4"}],"replies":[{"embeddable":true,"href":"https:\/\/fram.is\/is\/wp-json\/wp\/v2\/comments?post=5404"}],"version-history":[{"count":0,"href":"https:\/\/fram.is\/is\/wp-json\/wp\/v2\/posts\/5404\/revisions"}],"wp:featuredmedia":[{"embeddable":true,"href":"https:\/\/fram.is\/is\/wp-json\/wp\/v2\/media\/2142"}],"wp:attachment":[{"href":"https:\/\/fram.is\/is\/wp-json\/wp\/v2\/media?parent=5404"}],"wp:term":[{"taxonomy":"category","embeddable":true,"href":"https:\/\/fram.is\/is\/wp-json\/wp\/v2\/categories?post=5404"},{"taxonomy":"post_tag","embeddable":true,"href":"https:\/\/fram.is\/is\/wp-json\/wp\/v2\/tags?post=5404"}],"curies":[{"name":"wp","href":"https:\/\/api.w.org\/{rel}","templated":true}]}}