{"id":5411,"date":"2014-01-08T09:15:54","date_gmt":"2014-01-08T09:15:54","guid":{"rendered":"http:\/\/fram.is\/?p=5411"},"modified":"2014-01-08T09:15:54","modified_gmt":"2014-01-08T09:15:54","slug":"framarar-safna-jolatrjam-og-dosum-laugardaginn-11-januar-2014","status":"publish","type":"post","link":"https:\/\/fram.is\/is\/2014\/01\/08\/framarar-safna-jolatrjam-og-dosum-laugardaginn-11-januar-2014\/","title":{"rendered":"FRAMARAR SAFNA J\u00d3LATRJ\u00c1M OG D\u00d3SUM LAUGARDAGINN 11. JAN\u00daAR 2014"},"content":{"rendered":"<p><a href=\"http:\/\/fram.is\/wp-content\/uploads\/2013\/10\/Bikar-\u00ed-Eyjum-2013-5-fl-kv-GR-Minni.jpg\"><img fetchpriority=\"high\" decoding=\"async\" class=\"alignright size-medium wp-image-4590\" alt=\"Bikar \u00ed Eyjum 2013 5  fl kv  GR Minni\" src=\"http:\/\/fram.is\/wp-content\/uploads\/2013\/10\/Bikar-\u00ed-Eyjum-2013-5-fl-kv-GR-Minni-300x225.jpg\" width=\"300\" height=\"225\" \/><\/a>Handboltakrakkar \u00far 4. og 5. fl. Fram \u00e6tla a\u00f0 bj\u00f3\u00f0a \u00edb\u00faum Grafarholts, \u00dalfars\u00e1rdal og H\u00e1aleitishverfis a\u00f0 s\u00e6kja j\u00f3latr\u00e9 a\u00f0 h\u00e1t\u00ed\u00f0 lokinni gegn 1.000,- kr. grei\u00f0slu.<\/p>\n<p>H\u00e6gt er a\u00f0 senda bei\u00f0ni \u00e1 <a href=\"mailto:handbolti@fram.is\">handbolti@fram.is<\/a> e\u00f0a \u00ed s\u00edma 863-1283.\u00a0 Gefa skal upp nafn, heimilisfang og s\u00edma.\u00a0 H\u00e6gt er a\u00f0 millif\u00e6ra \u00e1 reikning Fram 0114-15-380422 kt. 480604-2450 e\u00f0a a\u00f0 hafa grei\u00f0slu til rei\u00f0u \u00feegar krakkarnir koma a\u00f0 s\u00e6kja j\u00f3latr\u00e9\u00f0.<\/p>\n<p>Samhli\u00f0a \u00feessari s\u00f6fnun munu \u00feessi hressu krakkar safna d\u00f3sum og fl\u00f6skum og \u00fev\u00ed tilvali\u00f0 fyrir f\u00f3lk a\u00f0 sl\u00e1 tv\u00e6r flugur \u00ed einu h\u00f6ggi og losa sig vi\u00f0 b\u00e6\u00f0i auk \u00feess a\u00f0 styrkja gott m\u00e1lefni.<\/p>\n<p>Unglingar\u00e1\u00f0 Handknattleiksdeildar FRAM<\/p>","protected":false},"excerpt":{"rendered":"<p>Handboltakrakkar \u00far 4. og 5. fl. Fram \u00e6tla a\u00f0 bj\u00f3\u00f0a \u00edb\u00faum Grafarholts, \u00dalfars\u00e1rdal og H\u00e1aleitishverfis a\u00f0 s\u00e6kja j\u00f3latr\u00e9 a\u00f0 h\u00e1t\u00ed\u00f0 lokinni gegn 1.000,- kr. grei\u00f0slu. H\u00e6gt er a\u00f0 senda bei\u00f0ni [&hellip;]<\/p>","protected":false},"author":4,"featured_media":5094,"comment_status":"open","ping_status":"open","sticky":false,"template":"","format":"standard","meta":{"_monsterinsights_skip_tracking":false,"_monsterinsights_sitenote_active":false,"_monsterinsights_sitenote_note":"","_monsterinsights_sitenote_category":0,"_jetpack_memberships_contains_paid_content":false,"footnotes":""},"categories":[7,6],"tags":[],"class_list":["post-5411","post","type-post","status-publish","format-standard","has-post-thumbnail","hentry","category-yngri-flokkar","category-handbolti"],"jetpack_sharing_enabled":true,"jetpack_featured_media_url":"https:\/\/fram.is\/wp-content\/uploads\/2013\/11\/3.-fl.kv_.-Reykjav\u00edkurmeistari-2013.JPG-II-scaled.jpg","_links":{"self":[{"href":"https:\/\/fram.is\/is\/wp-json\/wp\/v2\/posts\/5411","targetHints":{"allow":["GET"]}}],"collection":[{"href":"https:\/\/fram.is\/is\/wp-json\/wp\/v2\/posts"}],"about":[{"href":"https:\/\/fram.is\/is\/wp-json\/wp\/v2\/types\/post"}],"author":[{"embeddable":true,"href":"https:\/\/fram.is\/is\/wp-json\/wp\/v2\/users\/4"}],"replies":[{"embeddable":true,"href":"https:\/\/fram.is\/is\/wp-json\/wp\/v2\/comments?post=5411"}],"version-history":[{"count":0,"href":"https:\/\/fram.is\/is\/wp-json\/wp\/v2\/posts\/5411\/revisions"}],"wp:featuredmedia":[{"embeddable":true,"href":"https:\/\/fram.is\/is\/wp-json\/wp\/v2\/media\/5094"}],"wp:attachment":[{"href":"https:\/\/fram.is\/is\/wp-json\/wp\/v2\/media?parent=5411"}],"wp:term":[{"taxonomy":"category","embeddable":true,"href":"https:\/\/fram.is\/is\/wp-json\/wp\/v2\/categories?post=5411"},{"taxonomy":"post_tag","embeddable":true,"href":"https:\/\/fram.is\/is\/wp-json\/wp\/v2\/tags?post=5411"}],"curies":[{"name":"wp","href":"https:\/\/api.w.org\/{rel}","templated":true}]}}