{"id":5683,"date":"2014-02-06T22:52:27","date_gmt":"2014-02-06T22:52:27","guid":{"rendered":"http:\/\/fram.is\/?p=5683"},"modified":"2014-02-06T22:52:27","modified_gmt":"2014-02-06T22:52:27","slug":"fram-urslit-eftir-godan-sigur-val","status":"publish","type":"post","link":"https:\/\/fram.is\/is\/2014\/02\/06\/fram-urslit-eftir-godan-sigur-val\/","title":{"rendered":"FRAM \u00ed \u00farslit eftir g\u00f3\u00f0an sigur \u00e1 Val"},"content":{"rendered":"<p><a href=\"http:\/\/fram.is\/wp-content\/uploads\/2013\/10\/Alexander-M\u00e1r-m-Bjarna.jpg\"><img fetchpriority=\"high\" decoding=\"async\" class=\"alignright size-medium wp-image-4771\" alt=\"Alexander M\u00e1r m Bjarna\" src=\"http:\/\/fram.is\/wp-content\/uploads\/2013\/10\/Alexander-M\u00e1r-m-Bjarna-300x300.jpg\" width=\"300\" height=\"300\" \/><\/a>FRAM lag\u00f0i Val \u00ed undan\u00farslitum Reykjarv\u00edkurm\u00f3tsins \u00ed knattspyrnu \u00ed kv\u00f6ld. Valur komst yfir \u00e1 7. m\u00edn\u00fatu leiksins \u00feegar Bjarni \u00d3lafur Eir\u00edksson skora\u00f0i me\u00f0 skalla eftir hornspyrnu. \u00deannig var sta\u00f0an allt fram \u00e1 83. m\u00edn\u00fatu \u00feegar Alexander M\u00e1r \u00deorl\u00e1ksson jafna\u00f0i metin fyrir FRAM me\u00f0 skalla eftir fallega s\u00f3kn. Alexander M\u00e1r var \u00fe\u00e1 n\u00fdlega kominn inn \u00e1 sem varama\u00f0ur. Tveimur m\u00edn\u00fatum s\u00ed\u00f0ar skora\u00f0i Aron \u00de\u00f3r\u00f0ur Albertsson\u00a0 eftir fr\u00e1b\u00e6ra fyrirgj\u00f6f fr\u00e1 h\u00e6gri. \u00cd uppb\u00f3tart\u00edma ger\u00f0i Aron Bjarnason svo \u00fat um leikinn eftir vel \u00fatf\u00e6r\u00f0a skyndis\u00f3kn. Markorarar FRAM \u00ed leiknum voru sem sagt 18, 17 og 18 \u00e1ra. FRAM hefur skora\u00f0 mest allra li\u00f0a \u00e1 \u00feessu Reykjarv\u00edkurm\u00f3ti sem er athyglisvert \u00fear sem tveir helstu framherjar li\u00f0sins hafa n\u00e1nast ekkert leiki\u00f0 \u00e1 m\u00f3tinu vegna mei\u00f0sla. FRAMarar eru me\u00f0 sigrinum komnir \u00ed \u00farslitaleik Reykjarv\u00edkurm\u00f3tsins sem ver\u00f0ur gegn KR \u00e1 m\u00e1nudagskv\u00f6ld kl. 19:00.<\/p>","protected":false},"excerpt":{"rendered":"<p>FRAM lag\u00f0i Val \u00ed undan\u00farslitum Reykjarv\u00edkurm\u00f3tsins \u00ed knattspyrnu \u00ed kv\u00f6ld. Valur komst yfir \u00e1 7. m\u00edn\u00fatu leiksins \u00feegar Bjarni \u00d3lafur Eir\u00edksson skora\u00f0i me\u00f0 skalla eftir hornspyrnu. \u00deannig var sta\u00f0an allt [&hellip;]<\/p>","protected":false},"author":4,"featured_media":5654,"comment_status":"open","ping_status":"open","sticky":false,"template":"","format":"standard","meta":{"_monsterinsights_skip_tracking":false,"_monsterinsights_sitenote_active":false,"_monsterinsights_sitenote_note":"","_monsterinsights_sitenote_category":0,"_jetpack_memberships_contains_paid_content":false,"footnotes":""},"categories":[11,9],"tags":[],"class_list":["post-5683","post","type-post","status-publish","format-standard","has-post-thumbnail","hentry","category-mflkarla","category-fotbolti"],"jetpack_sharing_enabled":true,"jetpack_featured_media_url":"https:\/\/fram.is\/wp-content\/uploads\/2014\/02\/Aron-\u00de\u00f3r\u00f0ur-skrifar-undir-samning-feb-scaled.jpg","_links":{"self":[{"href":"https:\/\/fram.is\/is\/wp-json\/wp\/v2\/posts\/5683","targetHints":{"allow":["GET"]}}],"collection":[{"href":"https:\/\/fram.is\/is\/wp-json\/wp\/v2\/posts"}],"about":[{"href":"https:\/\/fram.is\/is\/wp-json\/wp\/v2\/types\/post"}],"author":[{"embeddable":true,"href":"https:\/\/fram.is\/is\/wp-json\/wp\/v2\/users\/4"}],"replies":[{"embeddable":true,"href":"https:\/\/fram.is\/is\/wp-json\/wp\/v2\/comments?post=5683"}],"version-history":[{"count":0,"href":"https:\/\/fram.is\/is\/wp-json\/wp\/v2\/posts\/5683\/revisions"}],"wp:featuredmedia":[{"embeddable":true,"href":"https:\/\/fram.is\/is\/wp-json\/wp\/v2\/media\/5654"}],"wp:attachment":[{"href":"https:\/\/fram.is\/is\/wp-json\/wp\/v2\/media?parent=5683"}],"wp:term":[{"taxonomy":"category","embeddable":true,"href":"https:\/\/fram.is\/is\/wp-json\/wp\/v2\/categories?post=5683"},{"taxonomy":"post_tag","embeddable":true,"href":"https:\/\/fram.is\/is\/wp-json\/wp\/v2\/tags?post=5683"}],"curies":[{"name":"wp","href":"https:\/\/api.w.org\/{rel}","templated":true}]}}