{"id":5798,"date":"2014-02-11T11:49:08","date_gmt":"2014-02-11T11:49:08","guid":{"rendered":"http:\/\/fram.is\/?p=5798"},"modified":"2014-02-11T11:49:08","modified_gmt":"2014-02-11T11:49:08","slug":"sigurdur-kristjan-fridriksson-gerir-3-ara-samning-vid-fram","status":"publish","type":"post","link":"https:\/\/fram.is\/is\/2014\/02\/11\/sigurdur-kristjan-fridriksson-gerir-3-ara-samning-vid-fram\/","title":{"rendered":"Sigur\u00f0ur Kristj\u00e1n Fri\u00f0riksson gerir 3 \u00e1ra samning vi\u00f0 Fram"},"content":{"rendered":"<p><a href=\"http:\/\/fram.is\/wp-content\/uploads\/2014\/02\/SKF-skrifar-undir-vi\u00f0-Fram.jpg\"><img fetchpriority=\"high\" decoding=\"async\" class=\"alignright size-medium wp-image-5799\" alt=\"O\" src=\"http:\/\/fram.is\/wp-content\/uploads\/2014\/02\/SKF-skrifar-undir-vi\u00f0-Fram-300x225.jpg\" width=\"300\" height=\"225\" \/><\/a>Sigur\u00f0ur Kristj\u00e1n Fri\u00f0riksson skrifa\u00f0i um helgina undir 3. \u00e1ra samning vi\u00f0 Fram. Sigur\u00f0ur er f\u00e6ddur 1995 og ver\u00f0ur \u00fev\u00ed 19 \u00e1ra \u00e1 \u00e1rinu. Hann er uppalinn \u00ed Fram og enn gjaldgengur \u00ed 2. flokki. Hann spila\u00f0i sinn fyrsta meistaraflokksleik \u00e1 n\u00fdafst\u00f6\u00f0nu Reykjarv\u00edkurm\u00f3ti en \u00fe\u00e1 l\u00e9k hann \u00ed st\u00f6\u00f0u vinstri bakvar\u00f0ar. Sigur\u00f0ur er af miklum Framara\u00e6ttum en fa\u00f0ir hans Fri\u00f0rik Sigur\u00f0sson l\u00e9k upp alla yngri flokka me\u00f0 Fram og spila\u00f0i einn leik \u00ed efstu deild me\u00f0 f\u00e9laginu. \u00de\u00e1 er hann barnabarn nafna s\u00edns Sigur\u00f0ar Fri\u00f0rikssonar, sem l\u00e9k um \u00e1rabil me\u00f0 Fram, og \u00d3mars Ragnarssonar sem er einn kunnasti stu\u00f0ningsma\u00f0ur Fram \u00e1 landinu. Fram fagnar \u00fev\u00ed a\u00f0 hafa n\u00e1\u00f0 samningum vi\u00f0 Sigur\u00f0 Kristj\u00e1n.<\/p>\n<p>Knattspyrnudeild FRAM<\/p>","protected":false},"excerpt":{"rendered":"<p>Sigur\u00f0ur Kristj\u00e1n Fri\u00f0riksson skrifa\u00f0i um helgina undir 3. \u00e1ra samning vi\u00f0 Fram. Sigur\u00f0ur er f\u00e6ddur 1995 og ver\u00f0ur \u00fev\u00ed 19 \u00e1ra \u00e1 \u00e1rinu. Hann er uppalinn \u00ed Fram og enn [&hellip;]<\/p>","protected":false},"author":4,"featured_media":5800,"comment_status":"open","ping_status":"open","sticky":false,"template":"","format":"standard","meta":{"_monsterinsights_skip_tracking":false,"_monsterinsights_sitenote_active":false,"_monsterinsights_sitenote_note":"","_monsterinsights_sitenote_category":0,"_jetpack_memberships_contains_paid_content":false,"footnotes":""},"categories":[11,9],"tags":[],"class_list":["post-5798","post","type-post","status-publish","format-standard","has-post-thumbnail","hentry","category-mflkarla","category-fotbolti"],"jetpack_sharing_enabled":true,"jetpack_featured_media_url":"https:\/\/fram.is\/wp-content\/uploads\/2014\/02\/SKF-skrifar-undir-vi\u00f0-Fram-vefur-scaled.jpg","_links":{"self":[{"href":"https:\/\/fram.is\/is\/wp-json\/wp\/v2\/posts\/5798","targetHints":{"allow":["GET"]}}],"collection":[{"href":"https:\/\/fram.is\/is\/wp-json\/wp\/v2\/posts"}],"about":[{"href":"https:\/\/fram.is\/is\/wp-json\/wp\/v2\/types\/post"}],"author":[{"embeddable":true,"href":"https:\/\/fram.is\/is\/wp-json\/wp\/v2\/users\/4"}],"replies":[{"embeddable":true,"href":"https:\/\/fram.is\/is\/wp-json\/wp\/v2\/comments?post=5798"}],"version-history":[{"count":0,"href":"https:\/\/fram.is\/is\/wp-json\/wp\/v2\/posts\/5798\/revisions"}],"wp:featuredmedia":[{"embeddable":true,"href":"https:\/\/fram.is\/is\/wp-json\/wp\/v2\/media\/5800"}],"wp:attachment":[{"href":"https:\/\/fram.is\/is\/wp-json\/wp\/v2\/media?parent=5798"}],"wp:term":[{"taxonomy":"category","embeddable":true,"href":"https:\/\/fram.is\/is\/wp-json\/wp\/v2\/categories?post=5798"},{"taxonomy":"post_tag","embeddable":true,"href":"https:\/\/fram.is\/is\/wp-json\/wp\/v2\/tags?post=5798"}],"curies":[{"name":"wp","href":"https:\/\/api.w.org\/{rel}","templated":true}]}}