{"id":5865,"date":"2014-02-13T22:26:20","date_gmt":"2014-02-13T22:26:20","guid":{"rendered":"http:\/\/fram.is\/?p=5865"},"modified":"2014-02-13T22:26:20","modified_gmt":"2014-02-13T22:26:20","slug":"surt-tap-breidholtinu","status":"publish","type":"post","link":"https:\/\/fram.is\/is\/2014\/02\/13\/surt-tap-breidholtinu\/","title":{"rendered":"S\u00fart tap \u00ed Brei\u00f0holtinu"},"content":{"rendered":"<p><a href=\"http:\/\/fram.is\/wp-content\/uploads\/2013\/11\/Siggi-og-l\u00ednuma\u00f0ur-gegn-\u00cdR.jpg\"><img fetchpriority=\"high\" decoding=\"async\" class=\"alignright size-medium wp-image-4951\" alt=\"Siggi og l\u00ednuma\u00f0ur gegn \u00cdR\" src=\"http:\/\/fram.is\/wp-content\/uploads\/2013\/11\/Siggi-og-l\u00ednuma\u00f0ur-gegn-\u00cdR-300x199.jpg\" width=\"300\" height=\"199\" \/><\/a>\u00dea\u00f0 var erfitt a\u00f0 ganga \u00fat \u00far Austuberginu \u00ed kv\u00f6ld, p\u00ednu svekktur yfir \u00fev\u00ed a\u00f0 n\u00e1 engu \u00fat \u00far leiknum, en svona er \u00feetta \u00ed boltanum svo asskoti stutt \u00e1 milli.\u00a0 \u00deetta datt ekki me\u00f0 okkur \u00ed kv\u00f6ld og kannski \u00e1ttum vi\u00f0 \u00fea\u00f0 ekki skili\u00f0 \u00fev\u00ed vi\u00f0 n\u00fdttum ekki \u00fe\u00e1 m\u00f6guleika sem vi\u00f0 fengum n\u00e6gjanlega vel.<br \/>\nLeikurinn hj\u00e1 okkur byrja\u00f0i ferkar illa og vi\u00f0 f\u00f3rum illa me\u00f0 f\u00e6rin og fengum miki\u00f0 af \u00f3d\u00fdrum m\u00f6rkum \u00e1 okkur \u00feegar v\u00f6rnin haf\u00f0i sta\u00f0i \u00e1g\u00e6tlega.\u00a0 En leikur okkar laga\u00f0ist a\u00f0eins \u00feegar l\u00ed\u00f0a t\u00f3k \u00e1 h\u00e1lfleikinn en samt var s\u00f3knarleikunn eitthva\u00f0 h\u00e1lf vandr\u00e6\u00f0alegur, h\u00e6gur og \u00fea\u00f0 skorti \u00e1r\u00e6\u00f0ni til a\u00f0 r\u00e1\u00f0ast til atl\u00f6gu. \u00a0Sta\u00f0an \u00ed h\u00e1lfelik 12 \u2013 9.<br \/>\nEn drengirnir okkar byrju\u00f0u seinni h\u00e1lfleik \u00e1g\u00e6tlega og voru tilt\u00f6lulega flj\u00f3tir a\u00f0 koma s\u00e9r inn \u00ed leikinn og jafna.\u00a0 Vi\u00f0 komust svo yfir og fengum t\u00e6kif\u00e6ri til a\u00f0 koma okkur \u00ed \u00e1kj\u00f3sanlega st\u00f6\u00f0u en n\u00fdttum \u00fea\u00f0 ekki sem skildi og g\u00e1fum aftur f\u00e6ri \u00e1 okkur sem Brei\u00f0holts drengir n\u00fdttu s\u00e9r vel.\u00a0 \u00dea\u00f0 f\u00f3r svo a\u00f0 lokum a\u00f0 vi\u00f0 n\u00e1\u00f0um ekki a\u00f0 kl\u00e1ra leikinn og endu\u00f0um \u00e1 a\u00f0 f\u00e1 \u00e1 okkur v\u00edtakast \u00feegar leikt\u00edminn rann \u00fat, klaufar a\u00f0 l\u00e1ta \u00fea\u00f0 gerast en svo sem l\u00edti\u00f0 vi\u00f0 \u00fev\u00ed a\u00f0 segja.<br \/>\nVarnarleikurinn \u00ed kv\u00f6ld var ekki vandam\u00e1li\u00f0 hann var a\u00f0 mestu g\u00f3\u00f0ur en \u00fea\u00f0 \u00fearf samt a\u00f0 kl\u00e1ra vinnuna til enda og vi\u00f0 ver\u00f0um a\u00f0 gera kr\u00f6fu um meiri markv\u00f6rslu \u00feegar v\u00f6rnin virkar \u00feetta vel. Markvarslan var ekki n\u00e6gjanlega g\u00f3\u00f0 \u00ed kv\u00f6ld og \u00feurfum a\u00f0 f\u00e1 meira fr\u00e1 \u00feeim f\u00e9l\u00f6gum sem \u00e9g er ekki \u00ed vafa um a\u00f0 mun koma enda flottir markmenn sem vi\u00f0 eigum.\u00a0 S\u00f3knin var \u00feokkalega \u00feegar lei\u00f0 \u00e1 leikinn en \u00ed heildina fannst m\u00e9r h\u00fan ekki n\u00fdta s\u00e9r \u00fe\u00e1 m\u00f6guleika sem voru \u00ed bo\u00f0i og m\u00e9r finnst vanta meiri \u00e1r\u00e6\u00f0ni \u00ed menn og s\u00ed\u00f0an a\u00f0 hafa \u00fe\u00e1 yfirvegum a\u00f0 velja r\u00e9ttu m\u00f6guleikanna. En \u00feegar vi\u00f0 erum me\u00f0 \u00feetta ungt li\u00f0 \u00fe\u00e1 m\u00e1 b\u00faast vi\u00f0 \u00fev\u00ed a\u00f0 \u00feetta ver\u00f0i sm\u00e1 h\u00f6fu\u00f0verkur, en ekki \u00f6rv\u00e6nta \u00feetta mun bara lagast um \u00fea\u00f0 er \u00e9g sannf\u00e6r\u00f0ur.\u00a0 \u00dea\u00f0 vanta\u00f0i Stef\u00e1n Baldvin \u00ed kv\u00f6ld og \u00fe\u00e1 vantar miki\u00f0. Loka sta\u00f0an 24 -23.<\/p>\n<p>Eftir leikinn \u00ed kv\u00f6ld eru tveimur umfer\u00f0um af \u00feremur loki\u00f0, n\u00fa ver\u00f0ur ra\u00f0a\u00f0 upp \u00e1 n\u00fdtt og leiknir 7 leikir upp \u00e1 l\u00edf og dau\u00f0a.\u00a0 \u00de\u00e1 \u00feurfum vi\u00f0 a\u00f0 sj\u00e1 \u00feessa ge\u00f0veiki sem var til sta\u00f0ar \u00ed m\u00f6rgum af \u00feeim leikjum sem vi\u00f0 spilu\u00f0um svo vel \u00ed fyrrihluta m\u00f3tsins.\u00a0 \u00c9g\u00a0 vill sj\u00e1 alla leikmenn leggja allt \u00ed s\u00f6lurnar og s\u00fdna a\u00f0 \u00fea\u00f0 er vel h\u00e6gt a\u00f0 n\u00e1 \u00e1rangri \u00ed handbolta \u00e1n \u00feess a\u00f0 vera 25+.<br \/>\nDrengir \u00fei\u00f0 eru flottir handboltamenn en \u00fearf a\u00f0 s\u00fdna \u00fea\u00f0 \u00ed verki inni \u00e1 vellinum og \u00fea\u00f0 \u00feurfa allir a\u00f0 vera me\u00f0 \u00e1 fullu til a\u00f0 kl\u00e1ra m\u00f3ti\u00f0, \u00feetta er \u00ed ykkar h\u00f6ndum, vi\u00f0 h\u00f6fum fulla tr\u00fa \u00e1 ykkur.<\/p>\n<p>\u00c1FRAM FRAM<\/p>","protected":false},"excerpt":{"rendered":"<p>\u00dea\u00f0 var erfitt a\u00f0 ganga \u00fat \u00far Austuberginu \u00ed kv\u00f6ld, p\u00ednu svekktur yfir \u00fev\u00ed a\u00f0 n\u00e1 engu \u00fat \u00far leiknum, en svona er \u00feetta \u00ed boltanum svo asskoti stutt \u00e1 [&hellip;]<\/p>","protected":false},"author":4,"featured_media":5085,"comment_status":"open","ping_status":"open","sticky":false,"template":"","format":"standard","meta":{"_monsterinsights_skip_tracking":false,"_monsterinsights_sitenote_active":false,"_monsterinsights_sitenote_note":"","_monsterinsights_sitenote_category":0,"_jetpack_memberships_contains_paid_content":false,"footnotes":""},"categories":[6,19],"tags":[],"class_list":["post-5865","post","type-post","status-publish","format-standard","has-post-thumbnail","hentry","category-handbolti","category-mfl-karla"],"jetpack_sharing_enabled":true,"jetpack_featured_media_url":"https:\/\/fram.is\/wp-content\/uploads\/2013\/11\/Siggi-gegn-\u00cdR-vefur.jpg","_links":{"self":[{"href":"https:\/\/fram.is\/is\/wp-json\/wp\/v2\/posts\/5865","targetHints":{"allow":["GET"]}}],"collection":[{"href":"https:\/\/fram.is\/is\/wp-json\/wp\/v2\/posts"}],"about":[{"href":"https:\/\/fram.is\/is\/wp-json\/wp\/v2\/types\/post"}],"author":[{"embeddable":true,"href":"https:\/\/fram.is\/is\/wp-json\/wp\/v2\/users\/4"}],"replies":[{"embeddable":true,"href":"https:\/\/fram.is\/is\/wp-json\/wp\/v2\/comments?post=5865"}],"version-history":[{"count":0,"href":"https:\/\/fram.is\/is\/wp-json\/wp\/v2\/posts\/5865\/revisions"}],"wp:featuredmedia":[{"embeddable":true,"href":"https:\/\/fram.is\/is\/wp-json\/wp\/v2\/media\/5085"}],"wp:attachment":[{"href":"https:\/\/fram.is\/is\/wp-json\/wp\/v2\/media?parent=5865"}],"wp:term":[{"taxonomy":"category","embeddable":true,"href":"https:\/\/fram.is\/is\/wp-json\/wp\/v2\/categories?post=5865"},{"taxonomy":"post_tag","embeddable":true,"href":"https:\/\/fram.is\/is\/wp-json\/wp\/v2\/tags?post=5865"}],"curies":[{"name":"wp","href":"https:\/\/api.w.org\/{rel}","templated":true}]}}