{"id":6279,"date":"2014-03-04T09:11:31","date_gmt":"2014-03-04T09:11:31","guid":{"rendered":"http:\/\/fram.is\/?p=6279"},"modified":"2014-03-04T09:11:31","modified_gmt":"2014-03-04T09:11:31","slug":"leikmannakynning-sigridur-katrin-stefansdottir","status":"publish","type":"post","link":"https:\/\/fram.is\/is\/2014\/03\/04\/leikmannakynning-sigridur-katrin-stefansdottir\/","title":{"rendered":"Leikmannakynning &#8211; Sigr\u00ed\u00f0ur Katr\u00edn Stef\u00e1nsd\u00f3ttir"},"content":{"rendered":"<p><b><a href=\"http:\/\/fram.is\/wp-content\/uploads\/2014\/03\/Sigr\u00ed\u00f0ur-Stef\u00e1nsd\u00f3ttir.jpg\"><img fetchpriority=\"high\" decoding=\"async\" class=\"alignright size-medium wp-image-6280\" alt=\"Sigr\u00ed\u00f0ur Stef\u00e1nsd\u00f3ttir\" src=\"http:\/\/fram.is\/wp-content\/uploads\/2014\/03\/Sigr\u00ed\u00f0ur-Stef\u00e1nsd\u00f3ttir-300x300.jpg\" width=\"300\" height=\"300\" \/><\/a>Nafn: <\/b>Sigr\u00ed\u00f0ur Katr\u00edn Stef\u00e1nsd\u00f3ttir<b><br \/>\nAldur: <\/b>21 \u00e1rs<br \/>\n<b><br \/>\nHj\u00faskaparsta\u00f0a: <\/b>Einhleyp. \u00dev\u00ed mi\u00f0ur str\u00e1kar, \u00e9g b\u00fd \u00ed Barcelona.<b><br \/>\nG\u00e6lunafn: <\/b>Sigga. Svo festist reyndar Siggi vi\u00f0 mig eftir a\u00f0 \u00fej\u00e1lfarinn skrifa\u00f0i \u00fea\u00f0 upp\u00e1 t\u00f6flu. Sumir eru l\u00edka b\u00fanir a\u00f0 venja sig \u00e1 a\u00f0 kalla mig Skata, \u00fea\u00f0 er skelfilegt.<b><br \/>\nSta\u00f0a \u00e1 vellinum: <\/b>V\u00f6rn.<b><br \/>\nFyrri li\u00f0: <\/b>Uppalin \u00ed Fj\u00f6lni.<\/p>\n<p><b>Besti samherjinn?<\/b> \u00c1slaug Eik. M\u00e9r finnst svo skemmtilegt tv\u00e6r-og-tv\u00e6r saman samkomulagi\u00f0 okkur \u00e1 \u00e6fingum. \u00c9g vona a\u00f0 \u00fea\u00f0 haldi \u00e1fram \u00feegar \u00e9g kem heim. Annars finnst m\u00e9r \u00fe\u00e6gilegt a\u00f0 spila me\u00f0 Birnu Sif me\u00f0 m\u00e9r \u00ed v\u00f6rninni.<b><br \/>\nHver tekur mest \u00ed bekkpressu? <\/b>Seinast \u00feegar \u00e9g vissi voru allar frekar slappar \u00ed \u00feungalyftingum. Held samt a\u00f0 B\u00e6tiefna-Begga s\u00e9 mesti atvinnuma\u00f0urinn \u00ed lyftingasalnum.<b><br \/>\nMesti sprellarinn \u00ed li\u00f0inu? <\/b>100% Hulda M\u00fdrdal \u00fear sem h\u00fan n\u00e6r alltaf a\u00f0 koma s\u00ednum s\u00f3\u00f0abr\u00f6ndurum a\u00f0 vi\u00f0 \u00f6ll tilefni. Reyndar er \u00c1slaug Inga svipa\u00f0 case. Svo er Eva Rut l\u00edka gangandi brandari.<b><br \/>\nFallegasti karlma\u00f0urinn \u00ed Fram? <\/b>Mj\u00f6ll.<b><br \/>\nFallegasti kvenma\u00f0urinn \u00ed Fram? <\/b>Mig langar ekki a\u00f0 gera upp \u00e1 milli, allar eint\u00f3mar fegur\u00f0ardrottningar.<b><br \/>\nFyndnasta m\u00f3menti\u00f0 me\u00f0 h\u00f3pnum? <\/b>\u00deegar Borat sk\u00fdlan leit fyrst dagsins lj\u00f3s. \u00dea\u00f0 er fyndnasta m\u00f3menti\u00f0 \u00ed l\u00edfinu almennt held \u00e9g. Einnig \u00feegar Hulda var b\u00f6stu\u00f0 me\u00f0 athyglisver\u00f0a s\u00fdnikennslu \u00ed heitapottinum \u00ed b\u00fasta\u00f0arfer\u00f0inni okkar, j\u00fa af eftirlitsmanninum \u00e1 sv\u00e6\u00f0inu.<b><br \/>\nBesti leikma\u00f0urinn &#8220;utan vallar&#8221;? <\/b>Kristjana Arnars, fact.<b><br \/>\nL\u00e9legust \u00ed reitarbolta? <\/b>\u00c1slaug Inga. E\u00f0a Hulda daginn eftir leik. \u00c6tla l\u00edka a\u00f0 nefna Birnu h\u00e9r \u00fev\u00ed \u00fea\u00f0 skemmtilegasta sem h\u00fan gerir er a\u00f0 klobba mig. <b><br \/>\nLeyndur h\u00e6fileiki? <\/b>B\u00f3kstaflega enginn.<b><br \/>\nSturlu\u00f0 sta\u00f0reynd um \u00feig? <\/b>\u00c9g er 21 \u00e1rs og \u00e9g hef enn\u00fe\u00e1 gaman a\u00f0 Andr\u00e9s \u00d6nd bl\u00f6\u00f0unum.\u00a0 <b><br \/>\nDrottning klefans? <\/b>\u00c9g veit ekki alveg hver t\u00f3k vi\u00f0 af m\u00e9r eftir a\u00f0 \u00e9g flutti \u00fat. Held \u00fea\u00f0 s\u00e9 Kristjana. \u00c9g \u00e6tla samt a\u00f0 vera drottningin aftur \u00feegar \u00e9g kem heim. \u00dea\u00f0 er bara \u00feannig.<\/p>\n<p><b>Knattspyrnudeild FRAM\u00a0<\/b><b><\/b><\/p>","protected":false},"excerpt":{"rendered":"<p>Nafn: Sigr\u00ed\u00f0ur Katr\u00edn Stef\u00e1nsd\u00f3ttir Aldur: 21 \u00e1rs Hj\u00faskaparsta\u00f0a: Einhleyp. \u00dev\u00ed mi\u00f0ur str\u00e1kar, \u00e9g b\u00fd \u00ed Barcelona. G\u00e6lunafn: Sigga. Svo festist reyndar Siggi vi\u00f0 mig eftir a\u00f0 \u00fej\u00e1lfarinn skrifa\u00f0i \u00fea\u00f0 upp\u00e1 [&hellip;]<\/p>","protected":false},"author":4,"featured_media":6281,"comment_status":"open","ping_status":"open","sticky":false,"template":"","format":"standard","meta":{"_monsterinsights_skip_tracking":false,"_monsterinsights_sitenote_active":false,"_monsterinsights_sitenote_note":"","_monsterinsights_sitenote_category":0,"_jetpack_memberships_contains_paid_content":false,"footnotes":""},"categories":[12,9,14],"tags":[],"class_list":["post-6279","post","type-post","status-publish","format-standard","has-post-thumbnail","hentry","category-mflkvenna","category-fotbolti","category-leikmannakynningar-mflkvenna"],"jetpack_sharing_enabled":true,"jetpack_featured_media_url":"https:\/\/fram.is\/wp-content\/uploads\/2014\/03\/Sigr\u00ed\u00f0ur-Stef\u00e1nsd\u00f3ttir-vefur.jpg","_links":{"self":[{"href":"https:\/\/fram.is\/is\/wp-json\/wp\/v2\/posts\/6279","targetHints":{"allow":["GET"]}}],"collection":[{"href":"https:\/\/fram.is\/is\/wp-json\/wp\/v2\/posts"}],"about":[{"href":"https:\/\/fram.is\/is\/wp-json\/wp\/v2\/types\/post"}],"author":[{"embeddable":true,"href":"https:\/\/fram.is\/is\/wp-json\/wp\/v2\/users\/4"}],"replies":[{"embeddable":true,"href":"https:\/\/fram.is\/is\/wp-json\/wp\/v2\/comments?post=6279"}],"version-history":[{"count":0,"href":"https:\/\/fram.is\/is\/wp-json\/wp\/v2\/posts\/6279\/revisions"}],"wp:featuredmedia":[{"embeddable":true,"href":"https:\/\/fram.is\/is\/wp-json\/wp\/v2\/media\/6281"}],"wp:attachment":[{"href":"https:\/\/fram.is\/is\/wp-json\/wp\/v2\/media?parent=6279"}],"wp:term":[{"taxonomy":"category","embeddable":true,"href":"https:\/\/fram.is\/is\/wp-json\/wp\/v2\/categories?post=6279"},{"taxonomy":"post_tag","embeddable":true,"href":"https:\/\/fram.is\/is\/wp-json\/wp\/v2\/tags?post=6279"}],"curies":[{"name":"wp","href":"https:\/\/api.w.org\/{rel}","templated":true}]}}