{"id":6315,"date":"2014-03-04T14:55:22","date_gmt":"2014-03-04T14:55:22","guid":{"rendered":"http:\/\/fram.is\/?p=6315"},"modified":"2014-03-04T14:55:22","modified_gmt":"2014-03-04T14:55:22","slug":"daniel-gudmundsson-u-18-ara-landslidi-islands","status":"publish","type":"post","link":"https:\/\/fram.is\/is\/2014\/03\/04\/daniel-gudmundsson-u-18-ara-landslidi-islands\/","title":{"rendered":"Dan\u00edel \u00de\u00f3r Gu\u00f0mundsson \u00ed U-18 \u00e1ra landsli\u00f0i \u00cdslands."},"content":{"rendered":"<p><a href=\"http:\/\/fram.is\/wp-content\/uploads\/2014\/03\/Dan\u00edel-st\u00e6rri.jpg\"><img fetchpriority=\"high\" decoding=\"async\" class=\"alignright size-medium wp-image-6316\" alt=\"Dan\u00edel st\u00e6rri\" src=\"http:\/\/fram.is\/wp-content\/uploads\/2014\/03\/Dan\u00edel-st\u00e6rri-300x290.jpg\" width=\"300\" height=\"290\" \/><\/a>Valinn hefur veri\u00f0 landsli\u00f0sh\u00f3pur hj\u00e1 U-18 \u00e1ra landsli\u00f0i karla, sem mun leika \u00ferj\u00e1 \u00e6fingaleiki vi\u00f0 Dani \u00ed Danm\u00f6rku dagana 4.-6.apr\u00edl.\u00a0 Vi\u00f0 FRAMarar erum stoltir af \u00fev\u00ed a\u00f0 eiga fulltr\u00faa \u00ed \u00feessum h\u00f3pi markv\u00f6r\u00f0inn<\/p>\n<p>Dan\u00edel \u00de\u00f3r Gu\u00f0mundsson \u00a0 \u00a0 \u00a0 \u00a0 \u00a0 \u00a0 \u00a0 \u00a0 \u00a0Fram<\/p>\n<p>Vi\u00f0 \u00f3skum Dan\u00edel g\u00f3\u00f0s gengis \u00ed Danm\u00f6rku.<\/p>\n<p>\u00c1FRAM FRAM<\/p>","protected":false},"excerpt":{"rendered":"<p>Valinn hefur veri\u00f0 landsli\u00f0sh\u00f3pur hj\u00e1 U-18 \u00e1ra landsli\u00f0i karla, sem mun leika \u00ferj\u00e1 \u00e6fingaleiki vi\u00f0 Dani \u00ed Danm\u00f6rku dagana 4.-6.apr\u00edl.\u00a0 Vi\u00f0 FRAMarar erum stoltir af \u00fev\u00ed a\u00f0 eiga fulltr\u00faa \u00ed [&hellip;]<\/p>","protected":false},"author":4,"featured_media":6317,"comment_status":"open","ping_status":"open","sticky":false,"template":"","format":"standard","meta":{"_monsterinsights_skip_tracking":false,"_monsterinsights_sitenote_active":false,"_monsterinsights_sitenote_note":"","_monsterinsights_sitenote_category":0,"_jetpack_memberships_contains_paid_content":false,"footnotes":""},"categories":[7,6],"tags":[],"class_list":["post-6315","post","type-post","status-publish","format-standard","has-post-thumbnail","hentry","category-yngri-flokkar","category-handbolti"],"jetpack_sharing_enabled":true,"jetpack_featured_media_url":"https:\/\/fram.is\/wp-content\/uploads\/2014\/03\/Dan\u00edel-vefur.jpg","_links":{"self":[{"href":"https:\/\/fram.is\/is\/wp-json\/wp\/v2\/posts\/6315","targetHints":{"allow":["GET"]}}],"collection":[{"href":"https:\/\/fram.is\/is\/wp-json\/wp\/v2\/posts"}],"about":[{"href":"https:\/\/fram.is\/is\/wp-json\/wp\/v2\/types\/post"}],"author":[{"embeddable":true,"href":"https:\/\/fram.is\/is\/wp-json\/wp\/v2\/users\/4"}],"replies":[{"embeddable":true,"href":"https:\/\/fram.is\/is\/wp-json\/wp\/v2\/comments?post=6315"}],"version-history":[{"count":0,"href":"https:\/\/fram.is\/is\/wp-json\/wp\/v2\/posts\/6315\/revisions"}],"wp:featuredmedia":[{"embeddable":true,"href":"https:\/\/fram.is\/is\/wp-json\/wp\/v2\/media\/6317"}],"wp:attachment":[{"href":"https:\/\/fram.is\/is\/wp-json\/wp\/v2\/media?parent=6315"}],"wp:term":[{"taxonomy":"category","embeddable":true,"href":"https:\/\/fram.is\/is\/wp-json\/wp\/v2\/categories?post=6315"},{"taxonomy":"post_tag","embeddable":true,"href":"https:\/\/fram.is\/is\/wp-json\/wp\/v2\/tags?post=6315"}],"curies":[{"name":"wp","href":"https:\/\/api.w.org\/{rel}","templated":true}]}}