{"id":6415,"date":"2014-03-11T10:43:48","date_gmt":"2014-03-11T10:43:48","guid":{"rendered":"http:\/\/fram.is\/?p=6415"},"modified":"2014-03-11T10:43:48","modified_gmt":"2014-03-11T10:43:48","slug":"tvihofdi-framhusi-fimmtudag-fram-akureyri-og-fram-grotta","status":"publish","type":"post","link":"https:\/\/fram.is\/is\/2014\/03\/11\/tvihofdi-framhusi-fimmtudag-fram-akureyri-og-fram-grotta\/","title":{"rendered":"Tv\u00edh\u00f6f\u00f0i \u00ed FRAMh\u00fasi \u00e1 fimmtudag FRAM &#8211; Akureyri  og FRAM &#8211; Gr\u00f3tta"},"content":{"rendered":"<p>\u00dea\u00f0 ver\u00f0ur st\u00f3r dagur \u00ed FRAMh\u00fasinu \u00e1 fimmtudag 13. mars.\u00a0 \u00dea\u00f0 ver\u00f0a tveir &#8220;H\u00d6RKU&#8221; leikir \u00ed Ol\u00edsdeild \u00a0karla og kvenna.<br \/>\nKl. 18:00 FRAM \u2013 Akureyri\u00a0 \u00ed Ol\u00edsdeild karla-<br \/>\nKl. 20:00 FRAM \u2013 Gr\u00f3tta \u00ed Ol\u00edsdeild kvenna.<\/p>\n<p align=\"left\">B\u00e1\u00f0ir \u00feessir leikir eru gr\u00ed\u00f0arlega mikilv\u00e6gir og \u00fev\u00ed er s\u00e9rstaklega mikilv\u00e6gt fyrir okkar li\u00f0 a\u00f0 n\u00e1 hagst\u00e6\u00f0um \u00farslitum \u00far \u00feessu leikjum. Til a\u00f0 svo megi ver\u00f0a bi\u00f0lum vi\u00f0 til allra FRAMara, foreldra og i\u00f0kenda a\u00f0 m\u00e6ta \u00e1 \u00feessa leiki og sty\u00f0ja afreksf\u00f3lki\u00f0 okkar \u00ed\u00a0 FRAM.<\/p>\n<p align=\"left\"><a href=\"http:\/\/fram.is\/wp-content\/uploads\/2014\/03\/Tvenna-\u00ed-FRAMhusi.jpg\"><img fetchpriority=\"high\" decoding=\"async\" class=\"alignright size-full wp-image-6416\" alt=\"Tvenna \u00ed FRAMhusi\" src=\"http:\/\/fram.is\/wp-content\/uploads\/2014\/03\/Tvenna-\u00ed-FRAMhusi.jpg\" width=\"640\" height=\"320\" \/><\/a>\u00a0<a href=\"http:\/\/fram.is\/wp-content\/uploads\/2014\/03\/bullan-vefur.jpg\"><img decoding=\"async\" class=\"alignleft size-thumbnail wp-image-6446\" alt=\"bullan vefur\" src=\"http:\/\/fram.is\/wp-content\/uploads\/2014\/03\/bullan-vefur-150x150.jpg\" width=\"150\" height=\"150\" \/><\/a>\u00dea\u00f0 ver\u00f0ur funheitt \u00e1 grillinu fr\u00e1 kl. 17:30 &#8211; 20:00 ostborgarar og gos. Hamborgarar fr\u00e1 Hamborgarab\u00fallunni \u00feeir sj\u00e1 um a\u00f0 allir f\u00e1i eitthva\u00f0 \u00a0\u00ed magann f. sanngjarnt ver\u00f0.<\/p>\n<p align=\"left\">Magn\u00fas li\u00f0stj\u00f3ri mfl.ka.mun fara yfir leikinn \u00ed veislusalnum kl. 17:30. \u00dear fer hann yfir leikinn og helstu t\u00f6lur \u00far s\u00ed\u00f0ustu leikjum li\u00f0sins.\u00a0 \u00dej\u00e1lfarinn Gu\u00f0laugur Arnarsson mun svo k\u00edkja vi\u00f0 og segja fr\u00e1 helstu \u00e1herslum \u00ed leiknum.<\/p>\n<p align=\"left\">Mi\u00f0aver\u00f0 \u00e1 leikina er kr. 1500.- gildir \u00e1 b\u00e1\u00f0a leikina.<\/p>\n<p align=\"left\">M\u00e6tum \u00f6ll \u00ed bl\u00e1u og l\u00e1tum \u00ed okkur heyra<\/p>\n<p align=\"left\">\u00a0\u00c1FRAM FRAM !<\/p>\n<p>&nbsp;<\/p>","protected":false},"excerpt":{"rendered":"<p>\u00dea\u00f0 ver\u00f0ur st\u00f3r dagur \u00ed FRAMh\u00fasinu \u00e1 fimmtudag 13. mars.\u00a0 \u00dea\u00f0 ver\u00f0a tveir &#8220;H\u00d6RKU&#8221; leikir \u00ed Ol\u00edsdeild \u00a0karla og kvenna. Kl. 18:00 FRAM \u2013 Akureyri\u00a0 \u00ed Ol\u00edsdeild karla- Kl. 20:00 [&hellip;]<\/p>","protected":false},"author":4,"featured_media":6419,"comment_status":"open","ping_status":"open","sticky":false,"template":"","format":"standard","meta":{"_monsterinsights_skip_tracking":false,"_monsterinsights_sitenote_active":false,"_monsterinsights_sitenote_note":"","_monsterinsights_sitenote_category":0,"_jetpack_memberships_contains_paid_content":false,"footnotes":""},"categories":[6,15,19],"tags":[],"class_list":["post-6415","post","type-post","status-publish","format-standard","has-post-thumbnail","hentry","category-handbolti","category-mfl-kvenna","category-mfl-karla"],"jetpack_sharing_enabled":true,"jetpack_featured_media_url":"https:\/\/fram.is\/wp-content\/uploads\/2014\/03\/horfendur-vefur.jpg","_links":{"self":[{"href":"https:\/\/fram.is\/is\/wp-json\/wp\/v2\/posts\/6415","targetHints":{"allow":["GET"]}}],"collection":[{"href":"https:\/\/fram.is\/is\/wp-json\/wp\/v2\/posts"}],"about":[{"href":"https:\/\/fram.is\/is\/wp-json\/wp\/v2\/types\/post"}],"author":[{"embeddable":true,"href":"https:\/\/fram.is\/is\/wp-json\/wp\/v2\/users\/4"}],"replies":[{"embeddable":true,"href":"https:\/\/fram.is\/is\/wp-json\/wp\/v2\/comments?post=6415"}],"version-history":[{"count":0,"href":"https:\/\/fram.is\/is\/wp-json\/wp\/v2\/posts\/6415\/revisions"}],"wp:featuredmedia":[{"embeddable":true,"href":"https:\/\/fram.is\/is\/wp-json\/wp\/v2\/media\/6419"}],"wp:attachment":[{"href":"https:\/\/fram.is\/is\/wp-json\/wp\/v2\/media?parent=6415"}],"wp:term":[{"taxonomy":"category","embeddable":true,"href":"https:\/\/fram.is\/is\/wp-json\/wp\/v2\/categories?post=6415"},{"taxonomy":"post_tag","embeddable":true,"href":"https:\/\/fram.is\/is\/wp-json\/wp\/v2\/tags?post=6415"}],"curies":[{"name":"wp","href":"https:\/\/api.w.org\/{rel}","templated":true}]}}