{"id":6449,"date":"2014-03-12T14:50:23","date_gmt":"2014-03-12T14:50:23","guid":{"rendered":"http:\/\/fram.is\/?p=6449"},"modified":"2014-03-12T14:50:23","modified_gmt":"2014-03-12T14:50:23","slug":"4-stelpur-fra-fram-u-16-og-u-18-landslidshopum-hsi","status":"publish","type":"post","link":"https:\/\/fram.is\/is\/2014\/03\/12\/4-stelpur-fra-fram-u-16-og-u-18-landslidshopum-hsi\/","title":{"rendered":"5 stelpur fr\u00e1 FRAM \u00ed U-16 og U-18 landsli\u00f0sh\u00f3pum HS\u00cd"},"content":{"rendered":"<p><a href=\"http:\/\/fram.is\/wp-content\/uploads\/2014\/02\/hafdis.jpg\"><img fetchpriority=\"high\" decoding=\"async\" class=\"alignright size-medium wp-image-6036\" alt=\"hafdis\" src=\"http:\/\/fram.is\/wp-content\/uploads\/2014\/02\/hafdis-300x300.jpg\" width=\"300\" height=\"300\" \/><\/a><a href=\"http:\/\/fram.is\/wp-content\/uploads\/2014\/02\/hulda.jpg\"><img decoding=\"async\" class=\"alignright size-medium wp-image-6039\" alt=\"hulda\" src=\"http:\/\/fram.is\/wp-content\/uploads\/2014\/02\/hulda-300x300.jpg\" width=\"300\" height=\"300\" \/><\/a><a href=\"http:\/\/fram.is\/wp-content\/uploads\/2014\/03\/2014_03_02_0433.jpg\"><img decoding=\"async\" class=\"alignright size-medium wp-image-6450\" alt=\"2014_03_02_0433\" src=\"http:\/\/fram.is\/wp-content\/uploads\/2014\/03\/2014_03_02_0433-300x200.jpg\" width=\"300\" height=\"200\" \/><\/a>N\u00fa var HS\u00cd a\u00f0 velja \u00e6fingah\u00f3pa kvenna U16 og U18 \u00a0landsli\u00f0 \u00cdslands\u00a0 en h\u00f3parnir koma sama til \u00e6finga 24-30 mars. Vi\u00f0 FRAMarar erum stoltir af \u00fev\u00ed \u00feegar okkar leikmenn eru valdir til \u00e6finga fyrir \u00cdslands\u00a0 h\u00f6nd.<br \/>\n\u00de\u00e6r stelpur sem \u00a0voru valdir a\u00f0 \u00feessu sinni eru:<\/p>\n<p>\u00c6fingah\u00f3pur U-18 \u00e1ra landsli\u00f0 kvenna<\/p>\n<p>Hafd\u00eds Lilja Torfad\u00f3ttir\u00a0 \u00a0\u00a0\u00a0\u00a0\u00a0\u00a0\u00a0\u00a0\u00a0\u00a0\u00a0\u00a0\u00a0\u00a0\u00a0\u00a0\u00a0\u00a0 Fram<br \/>\nHulda Dagsd\u00f3ttir\u00a0\u00a0\u00a0\u00a0\u00a0\u00a0\u00a0\u00a0\u00a0\u00a0\u00a0\u00a0\u00a0\u00a0\u00a0\u00a0\u00a0\u00a0\u00a0\u00a0\u00a0\u00a0\u00a0\u00a0\u00a0\u00a0\u00a0\u00a0\u00a0 Fram<\/p>\n<p>\u00c6fingah\u00f3pur U-16 \u00e1ra landsli\u00f0s kvenna<\/p>\n<p>El\u00edsabet Mj\u00f6ll Gu\u00f0j\u00f3nsd\u00f3ttir\u00a0\u00a0\u00a0\u00a0\u00a0\u00a0 \u00a0\u00a0\u00a0 Fram<br \/>\nIngunn Lilja Bergsd\u00f3ttir \u00a0 \u00a0 \u00a0 \u00a0 \u00a0 \u00a0 \u00a0 \u00a0 \u00a0 Fram<br \/>\nMariam Eradze \u00a0 \u00a0 \u00a0 \u00a0 \u00a0 \u00a0 \u00a0 \u00a0 \u00a0 \u00a0 \u00a0 \u00a0 \u00a0 \u00a0 \u00a0 \u00a0 \u00a0Fram<a href=\"http:\/\/fram.is\/wp-content\/uploads\/2014\/03\/Ingunn-Lilja.jpg\"><img loading=\"lazy\" decoding=\"async\" class=\"alignright size-medium wp-image-6452\" alt=\"Ingunn Lilja\" src=\"http:\/\/fram.is\/wp-content\/uploads\/2014\/03\/Ingunn-Lilja-300x260.jpg\" width=\"300\" height=\"260\" \/><\/a><\/p>\n<p>Gangi ykkur vel stelpur !<\/p>","protected":false},"excerpt":{"rendered":"<p>N\u00fa var HS\u00cd a\u00f0 velja \u00e6fingah\u00f3pa kvenna U16 og U18 \u00a0landsli\u00f0 \u00cdslands\u00a0 en h\u00f3parnir koma sama til \u00e6finga 24-30 mars. Vi\u00f0 FRAMarar erum stoltir af \u00fev\u00ed \u00feegar okkar leikmenn eru [&hellip;]<\/p>","protected":false},"author":4,"featured_media":6453,"comment_status":"open","ping_status":"open","sticky":false,"template":"","format":"standard","meta":{"_monsterinsights_skip_tracking":false,"_monsterinsights_sitenote_active":false,"_monsterinsights_sitenote_note":"","_monsterinsights_sitenote_category":0,"_jetpack_memberships_contains_paid_content":false,"footnotes":""},"categories":[7,6],"tags":[],"class_list":["post-6449","post","type-post","status-publish","format-standard","has-post-thumbnail","hentry","category-yngri-flokkar","category-handbolti"],"jetpack_sharing_enabled":true,"jetpack_featured_media_url":"https:\/\/fram.is\/wp-content\/uploads\/2014\/03\/mariam-og-El\u00edsabet-scaled.jpg","_links":{"self":[{"href":"https:\/\/fram.is\/is\/wp-json\/wp\/v2\/posts\/6449","targetHints":{"allow":["GET"]}}],"collection":[{"href":"https:\/\/fram.is\/is\/wp-json\/wp\/v2\/posts"}],"about":[{"href":"https:\/\/fram.is\/is\/wp-json\/wp\/v2\/types\/post"}],"author":[{"embeddable":true,"href":"https:\/\/fram.is\/is\/wp-json\/wp\/v2\/users\/4"}],"replies":[{"embeddable":true,"href":"https:\/\/fram.is\/is\/wp-json\/wp\/v2\/comments?post=6449"}],"version-history":[{"count":0,"href":"https:\/\/fram.is\/is\/wp-json\/wp\/v2\/posts\/6449\/revisions"}],"wp:featuredmedia":[{"embeddable":true,"href":"https:\/\/fram.is\/is\/wp-json\/wp\/v2\/media\/6453"}],"wp:attachment":[{"href":"https:\/\/fram.is\/is\/wp-json\/wp\/v2\/media?parent=6449"}],"wp:term":[{"taxonomy":"category","embeddable":true,"href":"https:\/\/fram.is\/is\/wp-json\/wp\/v2\/categories?post=6449"},{"taxonomy":"post_tag","embeddable":true,"href":"https:\/\/fram.is\/is\/wp-json\/wp\/v2\/tags?post=6449"}],"curies":[{"name":"wp","href":"https:\/\/api.w.org\/{rel}","templated":true}]}}