{"id":6459,"date":"2014-03-12T15:55:30","date_gmt":"2014-03-12T15:55:30","guid":{"rendered":"http:\/\/fram.is\/?p=6459"},"modified":"2014-03-12T15:55:30","modified_gmt":"2014-03-12T15:55:30","slug":"fyrri-leikir-fram-og-grottu","status":"publish","type":"post","link":"https:\/\/fram.is\/is\/2014\/03\/12\/fyrri-leikir-fram-og-grottu\/","title":{"rendered":"Fyrri leikir FRAM og Gr\u00f3ttu"},"content":{"rendered":"<p style=\"text-align: left;\" align=\"center\">\u00c1 morgun, fimmtudaginn 13. mars f\u00e6r meistaraflokkur kvenna li\u00f0 Gr\u00f3ttu \u00ed heims\u00f3kn \u00ed OL\u00cdS deildinni.\u00a0 \u00deetta er seinni leikur li\u00f0anna \u00ed deildinni \u00ed vetur.\u00a0 \u00deann fyrri sem fram f\u00f3r 22. n\u00f3vember s.l. sigra\u00f0i FRAM 23 &#8211; 22 me\u00f0 sigurmarki fr\u00e1 Ragnhei\u00f0i J\u00fal\u00edusd\u00f3ttur \u00e1 loka sek\u00fantu leiksins.<br \/>\nFRAM situr n\u00fa \u00ed 3. s\u00e6ti deildarinnar me\u00f0 30 stig eftir 20 leiki.\u00a0 Gr\u00f3tta er hins vegar \u00ed 5. s\u00e6ti deildarinnar me\u00f0 27 stig eftir 20 leiki.<br \/>\nFRAM og Gr\u00f3tta hafa \u00ed gegnum t\u00ed\u00f0ina oft h\u00e1\u00f0 miklar rimmur\u00e1 handboltavellinum. S\u00ed\u00f0ustu \u00ferj\u00fa t\u00edmabil hafa li\u00f0in leiki\u00f0 eina 10 leiki. FRAM hefur sigra\u00f0 \u00ed n\u00edu leikjum en Gr\u00f3tta \u00ed einum en \u00fea\u00f0 var einmitt s\u00ed\u00f0asti leikur li\u00f0anna leikur \u00ed 8 li\u00f0a \u00farslitum \u00ed bikarkeppni HS\u00cd \u00ed vetur.<\/p>\n<p>FRAM hefur skora\u00f0 293 m\u00f6rk \u00ed \u00feessum leikjum e\u00f0a 29,3 a\u00f0 me\u00f0altali \u00ed leik.\u00a0 Gr\u00f3tta hefur skora\u00f0 209 m\u00f6rk \u00ed \u00feessum leikjum e\u00f0a 20,9 a\u00f0 me\u00f0altali \u00ed leik, samanber n\u00e1nar h\u00e9r a\u00f0 ne\u00f0an:<\/p>\n<div align=\"center\">\n<table border=\"1\" cellspacing=\"0\" cellpadding=\"0\">\n<tbody>\n<tr>\n<td valign=\"top\" width=\"108\">\n<p align=\"center\">Dags.<\/p>\n<\/td>\n<td valign=\"top\" width=\"123\">\n<p align=\"center\">\n<\/td>\n<td valign=\"top\" width=\"124\">\n<p align=\"center\">Keppni<\/p>\n<\/td>\n<td valign=\"top\" width=\"79\">\n<p align=\"center\">lokat\u00f6lur<\/p>\n<\/td>\n<\/tr>\n<tr>\n<td valign=\"top\" width=\"108\">\n<p align=\"center\">18. n\u00f3v. 2011<\/p>\n<\/td>\n<td valign=\"top\" width=\"123\">\n<p align=\"center\">Gr\u00f3tta &#8211; FRAM<\/p>\n<\/td>\n<td valign=\"top\" width=\"124\">\n<p align=\"center\">\u00cdslandsm\u00f3t<\/p>\n<\/td>\n<td valign=\"top\" width=\"79\">\n<p align=\"center\">21 &#8211; 34<\/p>\n<\/td>\n<\/tr>\n<tr>\n<td valign=\"top\" width=\"108\">\n<p align=\"center\">18. mars 2012<\/p>\n<\/td>\n<td valign=\"top\" width=\"123\">\n<p align=\"center\">FRAM &#8211; Gr\u00f3tta<\/p>\n<\/td>\n<td valign=\"top\" width=\"124\">\n<p align=\"center\">\u00cdslandsm\u00f3t<\/p>\n<\/td>\n<td valign=\"top\" width=\"79\">\n<p align=\"center\">25 &#8211; 18<\/p>\n<\/td>\n<\/tr>\n<tr>\n<td valign=\"top\" width=\"108\">\n<p align=\"center\">27. okt. 2012<\/p>\n<\/td>\n<td valign=\"top\" width=\"123\">\n<p align=\"center\">FRAM &#8211; Gr\u00f3tta<\/p>\n<\/td>\n<td valign=\"top\" width=\"124\">\n<p align=\"center\">\u00cdslandsm\u00f3t<\/p>\n<\/td>\n<td valign=\"top\" width=\"79\">\n<p align=\"center\">29 &#8211; 18<\/p>\n<\/td>\n<\/tr>\n<tr>\n<td valign=\"top\" width=\"108\">\n<p align=\"center\">9. feb. 2012<\/p>\n<\/td>\n<td valign=\"top\" width=\"123\">\n<p align=\"center\">Gr\u00f3tta &#8211; FRAM<\/p>\n<\/td>\n<td valign=\"top\" width=\"124\">\n<p align=\"center\">\u00cdslandsm\u00f3t<\/p>\n<\/td>\n<td valign=\"top\" width=\"79\">\n<p align=\"center\">26 &#8211; 36<\/p>\n<\/td>\n<\/tr>\n<tr>\n<td valign=\"top\" width=\"108\">\n<p align=\"center\">9. mars 2013<\/p>\n<\/td>\n<td valign=\"top\" width=\"123\">\n<p align=\"center\">Gr\u00f3tta &#8211; FRAM<\/p>\n<\/td>\n<td valign=\"top\" width=\"124\">\n<p align=\"center\">Bikarkeppni HS\u00cd<\/p>\n<\/td>\n<td valign=\"top\" width=\"79\">\n<p align=\"center\">21 &#8211; 32<\/p>\n<\/td>\n<\/tr>\n<tr>\n<td valign=\"top\" width=\"108\">\n<p align=\"center\">4. apr\u00edl 2013<\/p>\n<\/td>\n<td valign=\"top\" width=\"123\">\n<p align=\"center\">FRAM &#8211; Gr\u00f3tta<\/p>\n<\/td>\n<td valign=\"top\" width=\"124\">\n<p align=\"center\">\u00cdslandsm. &#8211; \u00farslit<\/p>\n<\/td>\n<td valign=\"top\" width=\"79\">\n<p align=\"center\">39 &#8211; 19<\/p>\n<\/td>\n<\/tr>\n<tr>\n<td valign=\"top\" width=\"108\">\n<p align=\"center\">6. apr\u00edl 2013<\/p>\n<\/td>\n<td valign=\"top\" width=\"123\">\n<p align=\"center\">Gr\u00f3tta &#8211; FRAM<\/p>\n<\/td>\n<td valign=\"top\" width=\"124\">\n<p align=\"center\">\u00cdslandsm. &#8211; \u00farslit<\/p>\n<\/td>\n<td valign=\"top\" width=\"79\">\n<p align=\"center\">26 &#8211; 36<\/p>\n<\/td>\n<\/tr>\n<tr>\n<td valign=\"top\" width=\"108\">\n<p align=\"center\">5. sept. 2013<\/p>\n<\/td>\n<td valign=\"top\" width=\"123\">\n<p align=\"center\">Gr\u00f3tta &#8211; FRAM<\/p>\n<\/td>\n<td valign=\"top\" width=\"124\">\n<p align=\"center\">Subway m\u00f3t<\/p>\n<\/td>\n<td valign=\"top\" width=\"79\">\n<p align=\"center\">21 &#8211; 25<\/p>\n<\/td>\n<\/tr>\n<tr>\n<td valign=\"top\" width=\"108\">\n<p align=\"center\">22. n\u00f3v. 2013<\/p>\n<\/td>\n<td valign=\"top\" width=\"123\">\n<p align=\"center\">Gr\u00f3tta &#8211; FRAM<\/p>\n<\/td>\n<td valign=\"top\" width=\"124\">\n<p align=\"center\">\u00cdslandsm\u00f3t<\/p>\n<\/td>\n<td valign=\"top\" width=\"79\">\n<p align=\"center\">22 &#8211; 23<\/p>\n<\/td>\n<\/tr>\n<tr>\n<td valign=\"top\" width=\"108\">\n<p align=\"center\">5. feb. 2014<\/p>\n<\/td>\n<td valign=\"top\" width=\"123\">\n<p align=\"center\">Gr\u00f3tta &#8211; FRAM<\/p>\n<\/td>\n<td valign=\"top\" width=\"124\">\n<p align=\"center\">Bikarkeppni HS\u00cd<\/p>\n<\/td>\n<td valign=\"top\" width=\"79\">\n<p align=\"center\">23 &#8211; 19<\/p>\n<\/td>\n<\/tr>\n<\/tbody>\n<\/table>\n<\/div>\n<p>Leikurinn \u00e1 morgun kemur til me\u00f0 a\u00f0 skipta miklu m\u00e1li var\u00f0andi \u00fea\u00f0 hvar li\u00f0in enda \u00ed deildinni \u00ed vetur.\u00a0 Keppninn er mj\u00f6g h\u00f6r\u00f0 milli Vals, FRAM, \u00cdBV og Gr\u00f3ttu um anna\u00f0 til fimmta s\u00e6ti deildarinnar.<\/p>\n<p>Auk \u00feess hefur FRAM harma a\u00f0 hefna s\u00ed\u00f0an \u00ed bikarleiknum \u00ed febr\u00faar s.l.<\/p>\n<p><b><span style=\"text-decoration: underline;\">FRAM \u00fearf \u00fev\u00ed \u00e1 \u00fe\u00e9r a\u00f0 halda og treystir \u00e1 a\u00f0 f\u00e1 g\u00f3\u00f0an stu\u00f0ning \u00ed leiknum \u00e1 morgun, fimmtudaginn 13. mars kl. 20:00<\/span><\/b><\/p>\n<p>&nbsp;<\/p>\n<p>&nbsp;<\/p>","protected":false},"excerpt":{"rendered":"<p>\u00c1 morgun, fimmtudaginn 13. mars f\u00e6r meistaraflokkur kvenna li\u00f0 Gr\u00f3ttu \u00ed heims\u00f3kn \u00ed OL\u00cdS deildinni.\u00a0 \u00deetta er seinni leikur li\u00f0anna \u00ed deildinni \u00ed vetur.\u00a0 \u00deann fyrri sem fram f\u00f3r 22. [&hellip;]<\/p>","protected":false},"author":4,"featured_media":5994,"comment_status":"open","ping_status":"open","sticky":false,"template":"","format":"standard","meta":{"_monsterinsights_skip_tracking":false,"_monsterinsights_sitenote_active":false,"_monsterinsights_sitenote_note":"","_monsterinsights_sitenote_category":0,"_jetpack_memberships_contains_paid_content":false,"footnotes":""},"categories":[15],"tags":[],"class_list":["post-6459","post","type-post","status-publish","format-standard","has-post-thumbnail","hentry","category-mfl-kvenna"],"jetpack_sharing_enabled":true,"jetpack_featured_media_url":"https:\/\/fram.is\/wp-content\/uploads\/2014\/02\/Marta-flott-vefur.jpg","_links":{"self":[{"href":"https:\/\/fram.is\/is\/wp-json\/wp\/v2\/posts\/6459","targetHints":{"allow":["GET"]}}],"collection":[{"href":"https:\/\/fram.is\/is\/wp-json\/wp\/v2\/posts"}],"about":[{"href":"https:\/\/fram.is\/is\/wp-json\/wp\/v2\/types\/post"}],"author":[{"embeddable":true,"href":"https:\/\/fram.is\/is\/wp-json\/wp\/v2\/users\/4"}],"replies":[{"embeddable":true,"href":"https:\/\/fram.is\/is\/wp-json\/wp\/v2\/comments?post=6459"}],"version-history":[{"count":0,"href":"https:\/\/fram.is\/is\/wp-json\/wp\/v2\/posts\/6459\/revisions"}],"wp:featuredmedia":[{"embeddable":true,"href":"https:\/\/fram.is\/is\/wp-json\/wp\/v2\/media\/5994"}],"wp:attachment":[{"href":"https:\/\/fram.is\/is\/wp-json\/wp\/v2\/media?parent=6459"}],"wp:term":[{"taxonomy":"category","embeddable":true,"href":"https:\/\/fram.is\/is\/wp-json\/wp\/v2\/categories?post=6459"},{"taxonomy":"post_tag","embeddable":true,"href":"https:\/\/fram.is\/is\/wp-json\/wp\/v2\/tags?post=6459"}],"curies":[{"name":"wp","href":"https:\/\/api.w.org\/{rel}","templated":true}]}}