{"id":6654,"date":"2014-03-27T15:30:52","date_gmt":"2014-03-27T15:30:52","guid":{"rendered":"http:\/\/fram.is\/?p=6654"},"modified":"2014-03-27T15:30:52","modified_gmt":"2014-03-27T15:30:52","slug":"yngri-flokkum-fram-gengur-vel-reykjavikurmotinu-fotbolta","status":"publish","type":"post","link":"https:\/\/fram.is\/is\/2014\/03\/27\/yngri-flokkum-fram-gengur-vel-reykjavikurmotinu-fotbolta\/","title":{"rendered":"Yngri flokkum FRAM gengur vel \u00e1 Reykjav\u00edkurm\u00f3tinu \u00ed f\u00f3tbolta"},"content":{"rendered":"<p><b><a href=\"http:\/\/fram.is\/wp-content\/uploads\/2013\/10\/6-fl-vefur.jpg\"><img fetchpriority=\"high\" decoding=\"async\" class=\"alignright size-medium wp-image-4561\" alt=\"6  fl vefur\" src=\"http:\/\/fram.is\/wp-content\/uploads\/2013\/10\/6-fl-vefur-300x200.jpg\" width=\"300\" height=\"200\" \/><\/a>Rvikm\u00f3ti\u00f0 hj\u00e1 okkur gengur afar vel i yngri flokkum FRAM \u00feessa daganna.<br \/>\n<\/b><b>\u00c1n\u00e6gjulegt a\u00f0 sj\u00e1 5 .fl kk A li\u00f0 er \u00e1 toppnum n\u00fana \u00a0s\u00f6mulei\u00f0is er 4 fl kk a , b og c li\u00f0 eru kominn \u00ed 4 li\u00f0a A \u00farslit . \u00a0Eftir hetjulega bar\u00e1ttu\u00a0 var 3 fl kk A li\u00f0 \u00a0h\u00e1rsbreidd fr\u00e1 \u00fevi a\u00f0 komast i A \u00farslit \u00a0\u00a0og 2 fl kk er efstur \u00a0og kominn i A \u00farslit.<br \/>\nKvennaflokkarnir okkar eru komnir styttra \u00ed m\u00f3tinu en kvennaboltinn lofar g\u00f3\u00f0u fyrir framt\u00ed\u00f0ina. Fr\u00e1b\u00e6r \u00e1rangur og s\u00fdnir vel \u00feann uppgang sem \u00e1 s\u00e9r sta\u00f0 \u00ed Fram f\u00f3tboltanum vori\u00f0 2014.<br \/>\nVonandi ver\u00f0ur sumari\u00f0 sem er framundan jafn gj\u00f6fult og skemmtilegt sem og veturinn hefur veri\u00f0.<br \/>\n<\/b><b>I\u00f0kendum fj\u00f6lgar \u00ed f\u00f3tboltanum og me\u00f0 h\u00e6kkandi s\u00f3l og gr\u00e6nu grasi ver\u00f0ur gaman a\u00f0 fylgjast me\u00f0 spr\u00e6kum leikm\u00f6nnum FRAM n\u00e6stu m\u00e1nu\u00f0i.\u00a0<\/b><\/p>\n<p><strong>Unglingar\u00e1\u00f0 Knattspyrnudeildar FRAM\u00a0<\/strong><\/p>","protected":false},"excerpt":{"rendered":"<p>Rvikm\u00f3ti\u00f0 hj\u00e1 okkur gengur afar vel i yngri flokkum FRAM \u00feessa daganna. \u00c1n\u00e6gjulegt a\u00f0 sj\u00e1 5 .fl kk A li\u00f0 er \u00e1 toppnum n\u00fana \u00a0s\u00f6mulei\u00f0is er 4 fl kk a [&hellip;]<\/p>","protected":false},"author":4,"featured_media":4559,"comment_status":"open","ping_status":"open","sticky":false,"template":"","format":"standard","meta":{"_monsterinsights_skip_tracking":false,"_monsterinsights_sitenote_active":false,"_monsterinsights_sitenote_note":"","_monsterinsights_sitenote_category":0,"_jetpack_memberships_contains_paid_content":false,"footnotes":""},"categories":[13,9],"tags":[],"class_list":["post-6654","post","type-post","status-publish","format-standard","has-post-thumbnail","hentry","category-yngriflokkar","category-fotbolti"],"jetpack_sharing_enabled":true,"jetpack_featured_media_url":"https:\/\/fram.is\/wp-content\/uploads\/2013\/10\/8-fl-vefur.jpg","_links":{"self":[{"href":"https:\/\/fram.is\/is\/wp-json\/wp\/v2\/posts\/6654","targetHints":{"allow":["GET"]}}],"collection":[{"href":"https:\/\/fram.is\/is\/wp-json\/wp\/v2\/posts"}],"about":[{"href":"https:\/\/fram.is\/is\/wp-json\/wp\/v2\/types\/post"}],"author":[{"embeddable":true,"href":"https:\/\/fram.is\/is\/wp-json\/wp\/v2\/users\/4"}],"replies":[{"embeddable":true,"href":"https:\/\/fram.is\/is\/wp-json\/wp\/v2\/comments?post=6654"}],"version-history":[{"count":0,"href":"https:\/\/fram.is\/is\/wp-json\/wp\/v2\/posts\/6654\/revisions"}],"wp:featuredmedia":[{"embeddable":true,"href":"https:\/\/fram.is\/is\/wp-json\/wp\/v2\/media\/4559"}],"wp:attachment":[{"href":"https:\/\/fram.is\/is\/wp-json\/wp\/v2\/media?parent=6654"}],"wp:term":[{"taxonomy":"category","embeddable":true,"href":"https:\/\/fram.is\/is\/wp-json\/wp\/v2\/categories?post=6654"},{"taxonomy":"post_tag","embeddable":true,"href":"https:\/\/fram.is\/is\/wp-json\/wp\/v2\/tags?post=6654"}],"curies":[{"name":"wp","href":"https:\/\/api.w.org\/{rel}","templated":true}]}}