{"id":6684,"date":"2014-03-29T20:53:04","date_gmt":"2014-03-29T20:53:04","guid":{"rendered":"http:\/\/fram.is\/?p=6684"},"modified":"2014-03-29T20:53:04","modified_gmt":"2014-03-29T20:53:04","slug":"oruggur-sigur-fram-vikingi-fra-olafsvik","status":"publish","type":"post","link":"https:\/\/fram.is\/is\/2014\/03\/29\/oruggur-sigur-fram-vikingi-fra-olafsvik\/","title":{"rendered":"\u00d6ruggur sigur FRAM \u00e1 V\u00edkingi fr\u00e1 \u00d3lafsv\u00edk, Margr\u00e9t me\u00f0 \u00ferennu."},"content":{"rendered":"<p><a href=\"http:\/\/fram.is\/wp-content\/uploads\/2014\/03\/Picture-016.jpg\"><img fetchpriority=\"high\" decoding=\"async\" class=\"alignright size-medium wp-image-6680\" alt=\"Picture 016\" src=\"http:\/\/fram.is\/wp-content\/uploads\/2014\/03\/Picture-016-300x200.jpg\" width=\"300\" height=\"200\" srcset=\"https:\/\/fram.is\/wp-content\/uploads\/2014\/03\/Picture-016-300x200.jpg 300w, https:\/\/fram.is\/wp-content\/uploads\/2014\/03\/Picture-016-scaled-800x533.jpg 800w, https:\/\/fram.is\/wp-content\/uploads\/2014\/03\/Picture-016-1024x683.jpg 1024w, https:\/\/fram.is\/wp-content\/uploads\/2014\/03\/Picture-016-768x512.jpg 768w, https:\/\/fram.is\/wp-content\/uploads\/2014\/03\/Picture-016-1536x1024.jpg 1536w, https:\/\/fram.is\/wp-content\/uploads\/2014\/03\/Picture-016-2048x1365.jpg 2048w\" sizes=\"(max-width: 300px) 100vw, 300px\" \/><\/a> <a href=\"http:\/\/fram.is\/wp-content\/uploads\/2014\/03\/Picture-011.jpg\"><img decoding=\"async\" class=\"alignright size-medium wp-image-6679\" alt=\"Picture 011\" src=\"http:\/\/fram.is\/wp-content\/uploads\/2014\/03\/Picture-011-300x200.jpg\" width=\"300\" height=\"200\" srcset=\"https:\/\/fram.is\/wp-content\/uploads\/2014\/03\/Picture-011-300x200.jpg 300w, https:\/\/fram.is\/wp-content\/uploads\/2014\/03\/Picture-011-scaled-800x533.jpg 800w, https:\/\/fram.is\/wp-content\/uploads\/2014\/03\/Picture-011-1024x683.jpg 1024w, https:\/\/fram.is\/wp-content\/uploads\/2014\/03\/Picture-011-768x512.jpg 768w, https:\/\/fram.is\/wp-content\/uploads\/2014\/03\/Picture-011-1536x1024.jpg 1536w, https:\/\/fram.is\/wp-content\/uploads\/2014\/03\/Picture-011-2048x1365.jpg 2048w\" sizes=\"(max-width: 300px) 100vw, 300px\" \/>Stelpurnar okkar voru ekki \u00ed vandr\u00e6\u00f0um me\u00f0 a\u00f0 leggja V\u00edkings stelpur fr\u00e1 \u00d3lafsv\u00edk \u00ed \u00dalfars\u00e1rdalnum \u00ed dag. FRAM stelpur m\u00e6ttu af krafti \u00ed leikinn og eftir 23 m\u00edn leik var sta\u00f0an 3-0 fyrir okkur. Stelpurnar voru ekki h\u00e6ttar \u00fev\u00ed r\u00e9tt fyrir h\u00e1lfleik b\u00e6ttu \u00fe\u00e6r svo vi\u00f0 fj\u00f3r\u00f0a markinu og sta\u00f0an \u00ed h\u00e1lfleik 4-0.<\/a>S\u00ed\u00f0ar h\u00e1lfleikur spila\u00f0ist svipa\u00f0 og s\u00e1 fyrri vi\u00f0 meira me\u00f0 boltann og skopu\u00f0um okkur \u00e1g\u00e6t f\u00e6ri en n\u00e1\u00f0um samt ekki a\u00f0 b\u00e6ta vi\u00f0 m\u00f6rkum a\u00f0 r\u00e1\u00f0i. \u00a0 Leikurinn enda\u00f0 me\u00f0 5-0 sigri okkar st\u00falkna sem eru vel \u00e1s\u00e6ttanleg \u00farslit.<br \/>\nFlottur leikur hj\u00e1 FRAM stelpum og gott veganesti fyrir \u00e6fingafer\u00f0ina til Sp\u00e1nar \u00ed n\u00e6stu viku.<br \/>\nG\u00f3\u00f0a fer\u00f0 stelpur og flottur sigur \u00ed dag.<br \/>\nM\u00f6rk FRAM \u00ed leiknum ger\u00f0u:<br \/>\n<a href=\"http:\/\/fram.is\/wp-content\/uploads\/2014\/03\/2014_03_29_0492.jpg\"><img decoding=\"async\" class=\"alignright size-medium wp-image-6690\" alt=\"2014_03_29_0492\" src=\"http:\/\/fram.is\/wp-content\/uploads\/2014\/03\/2014_03_29_0492-300x200.jpg\" width=\"300\" height=\"200\" \/><\/a>Margr\u00e9t Reg\u00edna Gr\u00e9tarsd\u00f3ttir \u00a0ger\u00f0i \u00ferennu \u00e1 1, 23 og 39 m\u00edn.<br \/>\nFj\u00f3la Sigur\u00f0ard\u00f3ttir\u00a0 ger\u00f0i 1 mark \u00e1 13 m\u00edn.<br \/>\n\u00cdris Bj\u00f6rk R\u00f3bertd\u00f3ttir skora\u00f0i svo loka marki\u00f0 \u00e1 80 m\u00edn.<\/p>\n<p>\u00c1FRAM FRAM<\/p>","protected":false},"excerpt":{"rendered":"<p>Stelpurnar okkar voru ekki \u00ed vandr\u00e6\u00f0um me\u00f0 a\u00f0 leggja V\u00edkings stelpur fr\u00e1 \u00d3lafsv\u00edk \u00ed \u00dalfars\u00e1rdalnum \u00ed dag. FRAM stelpur m\u00e6ttu af krafti \u00ed leikinn og eftir 23 m\u00edn leik var [&hellip;]<\/p>","protected":false},"author":4,"featured_media":6680,"comment_status":"open","ping_status":"open","sticky":false,"template":"","format":"standard","meta":{"_monsterinsights_skip_tracking":false,"_monsterinsights_sitenote_active":false,"_monsterinsights_sitenote_note":"","_monsterinsights_sitenote_category":0,"_jetpack_memberships_contains_paid_content":false,"footnotes":""},"categories":[12,9],"tags":[],"class_list":["post-6684","post","type-post","status-publish","format-standard","has-post-thumbnail","hentry","category-mflkvenna","category-fotbolti"],"jetpack_sharing_enabled":true,"jetpack_featured_media_url":"https:\/\/fram.is\/wp-content\/uploads\/2014\/03\/Picture-016-scaled.jpg","_links":{"self":[{"href":"https:\/\/fram.is\/is\/wp-json\/wp\/v2\/posts\/6684","targetHints":{"allow":["GET"]}}],"collection":[{"href":"https:\/\/fram.is\/is\/wp-json\/wp\/v2\/posts"}],"about":[{"href":"https:\/\/fram.is\/is\/wp-json\/wp\/v2\/types\/post"}],"author":[{"embeddable":true,"href":"https:\/\/fram.is\/is\/wp-json\/wp\/v2\/users\/4"}],"replies":[{"embeddable":true,"href":"https:\/\/fram.is\/is\/wp-json\/wp\/v2\/comments?post=6684"}],"version-history":[{"count":0,"href":"https:\/\/fram.is\/is\/wp-json\/wp\/v2\/posts\/6684\/revisions"}],"wp:featuredmedia":[{"embeddable":true,"href":"https:\/\/fram.is\/is\/wp-json\/wp\/v2\/media\/6680"}],"wp:attachment":[{"href":"https:\/\/fram.is\/is\/wp-json\/wp\/v2\/media?parent=6684"}],"wp:term":[{"taxonomy":"category","embeddable":true,"href":"https:\/\/fram.is\/is\/wp-json\/wp\/v2\/categories?post=6684"},{"taxonomy":"post_tag","embeddable":true,"href":"https:\/\/fram.is\/is\/wp-json\/wp\/v2\/tags?post=6684"}],"curies":[{"name":"wp","href":"https:\/\/api.w.org\/{rel}","templated":true}]}}