{"id":6727,"date":"2014-04-02T21:28:51","date_gmt":"2014-04-02T21:28:51","guid":{"rendered":"http:\/\/fram.is\/?p=6727"},"modified":"2014-04-02T21:28:51","modified_gmt":"2014-04-02T21:28:51","slug":"fjorir-framarar-landslidum-islands","status":"publish","type":"post","link":"https:\/\/fram.is\/is\/2014\/04\/02\/fjorir-framarar-landslidum-islands\/","title":{"rendered":"Fj\u00f3rir FRAMarar \u00ed landsli\u00f0um \u00cdslands"},"content":{"rendered":"<p><a href=\"http:\/\/fram.is\/wp-content\/uploads\/2014\/03\/Dan\u00edel-st\u00e6rri.jpg\"><img fetchpriority=\"high\" decoding=\"async\" class=\"alignright size-medium wp-image-6316\" alt=\"Dan\u00edel st\u00e6rri\" src=\"http:\/\/fram.is\/wp-content\/uploads\/2014\/03\/Dan\u00edel-st\u00e6rri-300x290.jpg\" width=\"300\" height=\"290\" \/><\/a><a href=\"http:\/\/fram.is\/wp-content\/uploads\/2014\/02\/freysi.jpg\"><img decoding=\"async\" class=\"alignright size-medium wp-image-5844\" alt=\"freysi\" src=\"http:\/\/fram.is\/wp-content\/uploads\/2014\/02\/freysi-300x300.jpg\" width=\"300\" height=\"300\" \/><\/a><a href=\"http:\/\/fram.is\/wp-content\/uploads\/2014\/02\/stefandarri.jpg\"><img decoding=\"async\" class=\"alignright size-medium wp-image-5847\" alt=\"stefandarri\" src=\"http:\/\/fram.is\/wp-content\/uploads\/2014\/02\/stefandarri-300x300.jpg\" width=\"300\" height=\"300\" \/><\/a><a href=\"http:\/\/fram.is\/wp-content\/uploads\/2014\/02\/Arnar-Freyr-Arnars.jpg\"><img loading=\"lazy\" decoding=\"async\" class=\"alignright size-medium wp-image-6060\" alt=\"Arnar Freyr Arnars\" src=\"http:\/\/fram.is\/wp-content\/uploads\/2014\/02\/Arnar-Freyr-Arnars-300x300.jpg\" width=\"300\" height=\"300\" \/><\/a>Vi\u00f0 FRAMarar eigum 4 drengi sem ver\u00f0a \u00e1 fullu me\u00f0 landsli\u00f0um \u00cdslands um helgina.<br \/>\nLandsli\u00f0 \u00cdslands U-18 \u00e1ra mun um helgina leika \u00ferj\u00e1 \u00e6fingaleiki vi\u00f0 Dani 4-6 apr\u00edl \u00ed Danm\u00f6rku.<br \/>\nLandsli\u00f0 \u00cdslands skipa\u00f0 leikm\u00f6nnum U-20 mun svo \u00e1 sama t\u00edma taka \u00fe\u00e1tt \u00ed undankeppni EM sem fram fer \u00ed Skopje \u00ed Maked\u00f3n\u00edu. St\u00e1karnir munu \u00fear leika vi\u00f0 Grikki, \u00cdtali auk heimamanna \u00ed Maked\u00f3n\u00edu. Leiki\u00f0 er um s\u00e6ti \u00ed lokakeppni EM sem fram fer \u00ed Austurr\u00edki \u00ed sumar. \u00dea\u00f0 ver\u00f0ur \u00fev\u00ed spennandi fyrir okkur a\u00f0 fylgjast me\u00f0 str\u00e1kunum um helgina og kannski enn skemmtilegra fyrir str\u00e1kana a\u00f0 f\u00e1 a\u00f0 takast \u00e1 vi\u00f0 svona verkefni.<br \/>\n\u00deeir sem valdir voru fr\u00e1 FRAM a\u00f0 \u00feessu sinni eru:<\/p>\n<p><b>\u00a0U-18 \u00e1ra landsli\u00f0 karla<\/b><\/p>\n<p>Dan\u00edel Gu\u00f0mundsson \u00a0 \u00a0 \u00a0 \u00a0 \u00a0Fram<\/p>\n<p><b>U-20 \u00e1ra landsli\u00f0 karla<br \/>\n<\/b><br \/>\nArnar Freyr \u00c1rs\u00e6lsson \u00a0\u00a0\u00a0\u00a0 Fram<br \/>\nStef\u00e1n Darri \u00de\u00f3rsson \u00a0 \u00a0 \u00a0 \u00a0 \u00a0Fram<br \/>\nArnar Freyr Arnarsson \u00a0 \u00a0 \u00a0 Fram<\/p>\n<p>Gangi ykkur vel !<\/p>\n<p>&nbsp;<\/p>\n<p>&nbsp;<\/p>","protected":false},"excerpt":{"rendered":"<p>Vi\u00f0 FRAMarar eigum 4 drengi sem ver\u00f0a \u00e1 fullu me\u00f0 landsli\u00f0um \u00cdslands um helgina. Landsli\u00f0 \u00cdslands U-18 \u00e1ra mun um helgina leika \u00ferj\u00e1 \u00e6fingaleiki vi\u00f0 Dani 4-6 apr\u00edl \u00ed Danm\u00f6rku. [&hellip;]<\/p>","protected":false},"author":4,"featured_media":5158,"comment_status":"open","ping_status":"open","sticky":false,"template":"","format":"standard","meta":{"_monsterinsights_skip_tracking":false,"_monsterinsights_sitenote_active":false,"_monsterinsights_sitenote_note":"","_monsterinsights_sitenote_category":0,"_jetpack_memberships_contains_paid_content":false,"footnotes":""},"categories":[7,6,19,24],"tags":[],"class_list":["post-6727","post","type-post","status-publish","format-standard","has-post-thumbnail","hentry","category-yngri-flokkar","category-handbolti","category-mfl-karla","category-2-flokkur-karla"],"jetpack_sharing_enabled":true,"jetpack_featured_media_url":"https:\/\/fram.is\/wp-content\/uploads\/2013\/12\/Stef\u00e1n-gegn-\u00cdR-MM-vefur.jpg","_links":{"self":[{"href":"https:\/\/fram.is\/is\/wp-json\/wp\/v2\/posts\/6727","targetHints":{"allow":["GET"]}}],"collection":[{"href":"https:\/\/fram.is\/is\/wp-json\/wp\/v2\/posts"}],"about":[{"href":"https:\/\/fram.is\/is\/wp-json\/wp\/v2\/types\/post"}],"author":[{"embeddable":true,"href":"https:\/\/fram.is\/is\/wp-json\/wp\/v2\/users\/4"}],"replies":[{"embeddable":true,"href":"https:\/\/fram.is\/is\/wp-json\/wp\/v2\/comments?post=6727"}],"version-history":[{"count":0,"href":"https:\/\/fram.is\/is\/wp-json\/wp\/v2\/posts\/6727\/revisions"}],"wp:featuredmedia":[{"embeddable":true,"href":"https:\/\/fram.is\/is\/wp-json\/wp\/v2\/media\/5158"}],"wp:attachment":[{"href":"https:\/\/fram.is\/is\/wp-json\/wp\/v2\/media?parent=6727"}],"wp:term":[{"taxonomy":"category","embeddable":true,"href":"https:\/\/fram.is\/is\/wp-json\/wp\/v2\/categories?post=6727"},{"taxonomy":"post_tag","embeddable":true,"href":"https:\/\/fram.is\/is\/wp-json\/wp\/v2\/tags?post=6727"}],"curies":[{"name":"wp","href":"https:\/\/api.w.org\/{rel}","templated":true}]}}