{"id":6732,"date":"2014-04-03T13:08:19","date_gmt":"2014-04-03T13:08:19","guid":{"rendered":"http:\/\/fram.is\/?p=6732"},"modified":"2014-04-03T13:08:19","modified_gmt":"2014-04-03T13:08:19","slug":"meistaraflokkur-kvenna-spani","status":"publish","type":"post","link":"https:\/\/fram.is\/is\/2014\/04\/03\/meistaraflokkur-kvenna-spani\/","title":{"rendered":"Meistaraflokkur kvenna \u00e1 Sp\u00e1ni \u00ed \u00e6fingafer\u00f0"},"content":{"rendered":"<p><a href=\"http:\/\/fram.is\/wp-content\/uploads\/2014\/04\/Sp\u00e1nn.jpg\"><img fetchpriority=\"high\" decoding=\"async\" class=\"alignright size-medium wp-image-6736\" alt=\"Sp\u00e1nn\" src=\"http:\/\/fram.is\/wp-content\/uploads\/2014\/04\/Sp\u00e1nn-300x200.jpg\" width=\"300\" height=\"200\" \/><\/a><a href=\"http:\/\/fram.is\/wp-content\/uploads\/2014\/04\/Spann-I.jpg\"><img decoding=\"async\" class=\"alignright size-medium wp-image-6737\" alt=\"Spann I\" src=\"http:\/\/fram.is\/wp-content\/uploads\/2014\/04\/Spann-I-300x200.jpg\" width=\"300\" height=\"200\" \/><\/a><a href=\"http:\/\/fram.is\/wp-content\/uploads\/2014\/04\/Sp\u00e1nn-II.jpg\"><img decoding=\"async\" class=\"alignright size-medium wp-image-6738\" alt=\"Sp\u00e1nn II\" src=\"http:\/\/fram.is\/wp-content\/uploads\/2014\/04\/Sp\u00e1nn-II-300x200.jpg\" width=\"300\" height=\"200\" \/><\/a>20 manna h\u00f3pur meistaraflokks kvk FRAM h\u00e9lt til San Pedro del Pinatar \u00e1 Sp\u00e1ni \u00e1 \u00feri\u00f0judagsmorgun og munu stelpurnar dvelja \u00fear \u00ed viku. \u00c1samt \u00feeim er \u00fej\u00e1lfari \u00feeirra Hajrudin \u010cardaklija, J\u00falli og \u00de\u00f3ra. \u00c6ft er tvisvar \u00e1 dag en auk \u00feess ver\u00f0ur spila\u00f0ur \u00e6fingarleikur \u00ed dag, fimmtudag, vi\u00f0 Fl\u00f8ya IF sem er 1. deildar li\u00f0 fr\u00e1 Tromso \u00ed Noregi.\u00c6fingara\u00f0sta\u00f0an er til fyrirmyndar, allt til alls og vel hugsa\u00f0 h\u00f3pinn. Snillingurinn og alt muligt konan h\u00fan \u00de\u00f3ra t\u00f3k nokkrar myndir \u00e1 seinni \u00e6fingu g\u00e6rdagsins sem m\u00e1 sj\u00e1 h\u00e9r.<\/p>","protected":false},"excerpt":{"rendered":"<p>20 manna h\u00f3pur meistaraflokks kvk FRAM h\u00e9lt til San Pedro del Pinatar \u00e1 Sp\u00e1ni \u00e1 \u00feri\u00f0judagsmorgun og munu stelpurnar dvelja \u00fear \u00ed viku. \u00c1samt \u00feeim er \u00fej\u00e1lfari \u00feeirra Hajrudin \u010cardaklija, [&hellip;]<\/p>","protected":false},"author":4,"featured_media":6739,"comment_status":"open","ping_status":"open","sticky":false,"template":"","format":"standard","meta":{"_monsterinsights_skip_tracking":false,"_monsterinsights_sitenote_active":false,"_monsterinsights_sitenote_note":"","_monsterinsights_sitenote_category":0,"_jetpack_memberships_contains_paid_content":false,"footnotes":""},"categories":[12,9],"tags":[],"class_list":["post-6732","post","type-post","status-publish","format-standard","has-post-thumbnail","hentry","category-mflkvenna","category-fotbolti"],"jetpack_sharing_enabled":true,"jetpack_featured_media_url":"https:\/\/fram.is\/wp-content\/uploads\/2014\/04\/Sp\u00e1nn-vefur.jpg","_links":{"self":[{"href":"https:\/\/fram.is\/is\/wp-json\/wp\/v2\/posts\/6732","targetHints":{"allow":["GET"]}}],"collection":[{"href":"https:\/\/fram.is\/is\/wp-json\/wp\/v2\/posts"}],"about":[{"href":"https:\/\/fram.is\/is\/wp-json\/wp\/v2\/types\/post"}],"author":[{"embeddable":true,"href":"https:\/\/fram.is\/is\/wp-json\/wp\/v2\/users\/4"}],"replies":[{"embeddable":true,"href":"https:\/\/fram.is\/is\/wp-json\/wp\/v2\/comments?post=6732"}],"version-history":[{"count":0,"href":"https:\/\/fram.is\/is\/wp-json\/wp\/v2\/posts\/6732\/revisions"}],"wp:featuredmedia":[{"embeddable":true,"href":"https:\/\/fram.is\/is\/wp-json\/wp\/v2\/media\/6739"}],"wp:attachment":[{"href":"https:\/\/fram.is\/is\/wp-json\/wp\/v2\/media?parent=6732"}],"wp:term":[{"taxonomy":"category","embeddable":true,"href":"https:\/\/fram.is\/is\/wp-json\/wp\/v2\/categories?post=6732"},{"taxonomy":"post_tag","embeddable":true,"href":"https:\/\/fram.is\/is\/wp-json\/wp\/v2\/tags?post=6732"}],"curies":[{"name":"wp","href":"https:\/\/api.w.org\/{rel}","templated":true}]}}