{"id":6809,"date":"2014-04-11T10:02:17","date_gmt":"2014-04-11T10:02:17","guid":{"rendered":"http:\/\/fram.is\/?p=6809"},"modified":"2014-04-11T10:02:17","modified_gmt":"2014-04-11T10:02:17","slug":"aefingaleikir-framundan-fotboltanum","status":"publish","type":"post","link":"https:\/\/fram.is\/is\/2014\/04\/11\/aefingaleikir-framundan-fotboltanum\/","title":{"rendered":"\u00c6fingaleikir framundan \u00ed f\u00f3tboltanum"},"content":{"rendered":"<p>Vi\u00f0 FRAMarar h\u00f6fum loki\u00f0 keppni \u00ed Lengjubikarnum \u00feetta \u00e1ri\u00f0. \u00a0N\u00fd styttist hins vegar \u00ed alv\u00f6runa enda einungis r\u00famar \u00ferj\u00e1r vikur \u00ed a\u00f0 Pepsi-deildin hefjist. \u00a0Undirb\u00faningur FRAMli\u00f0sins gengur vel og \u00e1 n\u00e6stunni eru fyrirhuga\u00f0ir tveir \u00e6fingaleikir. \u00a0\u00cd fyrri leiknum m\u00e6tum vi\u00f0 Leiknism\u00f6nnum \u00e1 gervigrasvellinum okkar \u00ed \u00dalfars\u00e1rdal. \u00a0S\u00e1 leikur fer fram mi\u00f0vikudaginn 16.apr\u00edl kl. 18:30. \u00a0\u00c1 annan \u00ed p\u00e1skum m\u00e6tum vi\u00f0 svo V\u00ed\u00f0ism\u00f6nnum \u00e1 grasi \u00e1 Gar\u00f0skaga og hefst leikurinn kl. 16:00.<br \/>\n<a href=\"http:\/\/fram.is\/wp-content\/uploads\/2013\/11\/Flottir.jpg\"><img decoding=\"async\" class=\"alignright\" alt=\"Flottir\" src=\"http:\/\/fram.is\/wp-content\/uploads\/2013\/11\/Flottir-1024x682.jpg\" width=\"258\" height=\"172\" \/><\/a><\/p>\n<p>16.apr\u00edl kl. 18:30 \u00a0FRAM-Leiknir \u00a0FRAMv\u00f6llur \u00ed \u00dalfars\u00e1rdal<a href=\"http:\/\/fram.is\/wp-content\/uploads\/2013\/11\/Flottir.jpg\"><br \/>\n<\/a><\/p>\n<p>21.apr\u00edl kl. 16:00 \u00a0V\u00ed\u00f0ir-FRAM \u00a0Gar\u00f0skagav\u00f6llur<\/p>\n<p>\u00c1fram FRAM!<\/p>","protected":false},"excerpt":{"rendered":"<p>Vi\u00f0 FRAMarar h\u00f6fum loki\u00f0 keppni \u00ed Lengjubikarnum \u00feetta \u00e1ri\u00f0. \u00a0N\u00fd styttist hins vegar \u00ed alv\u00f6runa enda einungis r\u00famar \u00ferj\u00e1r vikur \u00ed a\u00f0 Pepsi-deildin hefjist. \u00a0Undirb\u00faningur FRAMli\u00f0sins gengur vel og \u00e1 [&hellip;]<\/p>","protected":false},"author":6,"featured_media":5745,"comment_status":"open","ping_status":"open","sticky":false,"template":"","format":"standard","meta":{"_monsterinsights_skip_tracking":false,"_monsterinsights_sitenote_active":false,"_monsterinsights_sitenote_note":"","_monsterinsights_sitenote_category":0,"_jetpack_memberships_contains_paid_content":false,"footnotes":""},"categories":[11,10,9],"tags":[],"class_list":["post-6809","post","type-post","status-publish","format-standard","has-post-thumbnail","hentry","category-mflkarla","category-frettir","category-fotbolti"],"jetpack_sharing_enabled":true,"jetpack_featured_media_url":"https:\/\/fram.is\/wp-content\/uploads\/2014\/02\/Reykjav\u00edkurmeistarar-go-vefur-scaled.jpg","_links":{"self":[{"href":"https:\/\/fram.is\/is\/wp-json\/wp\/v2\/posts\/6809","targetHints":{"allow":["GET"]}}],"collection":[{"href":"https:\/\/fram.is\/is\/wp-json\/wp\/v2\/posts"}],"about":[{"href":"https:\/\/fram.is\/is\/wp-json\/wp\/v2\/types\/post"}],"author":[{"embeddable":true,"href":"https:\/\/fram.is\/is\/wp-json\/wp\/v2\/users\/6"}],"replies":[{"embeddable":true,"href":"https:\/\/fram.is\/is\/wp-json\/wp\/v2\/comments?post=6809"}],"version-history":[{"count":0,"href":"https:\/\/fram.is\/is\/wp-json\/wp\/v2\/posts\/6809\/revisions"}],"wp:featuredmedia":[{"embeddable":true,"href":"https:\/\/fram.is\/is\/wp-json\/wp\/v2\/media\/5745"}],"wp:attachment":[{"href":"https:\/\/fram.is\/is\/wp-json\/wp\/v2\/media?parent=6809"}],"wp:term":[{"taxonomy":"category","embeddable":true,"href":"https:\/\/fram.is\/is\/wp-json\/wp\/v2\/categories?post=6809"},{"taxonomy":"post_tag","embeddable":true,"href":"https:\/\/fram.is\/is\/wp-json\/wp\/v2\/tags?post=6809"}],"curies":[{"name":"wp","href":"https:\/\/api.w.org\/{rel}","templated":true}]}}