{"id":6855,"date":"2014-04-14T21:59:33","date_gmt":"2014-04-14T21:59:33","guid":{"rendered":"http:\/\/fram.is\/?p=6855"},"modified":"2014-04-14T21:59:33","modified_gmt":"2014-04-14T21:59:33","slug":"5-saetid-olisdeildinni-stadreynd-thetta-arid","status":"publish","type":"post","link":"https:\/\/fram.is\/is\/2014\/04\/14\/5-saetid-olisdeildinni-stadreynd-thetta-arid\/","title":{"rendered":"5 s\u00e6ti\u00f0 \u00ed Ol\u00edsdeildinni sta\u00f0reynd \u00feetta \u00e1ri\u00f0"},"content":{"rendered":"<p><a href=\"http:\/\/fram.is\/wp-content\/uploads\/2013\/02\/lidid1.jpg\"><img fetchpriority=\"high\" decoding=\"async\" class=\"alignright size-medium wp-image-5838\" alt=\"lidid\" src=\"http:\/\/fram.is\/wp-content\/uploads\/2013\/02\/lidid1-300x199.jpg\" width=\"300\" height=\"199\" \/><\/a>J\u00e1 \u00feannig lauk \u00feessum \u00a0annars flotta vetri hj\u00e1 str\u00e1kunum okkar \u00ed handboltanum.\u00a0 Tap var ni\u00f0ursta\u00f0an \u00ed kv\u00f6ld en \u00fea\u00f0 var au\u00f0vita\u00f0 lj\u00f3st a\u00f0 \u00fea\u00f0 yr\u00f0i erfitt a\u00f0 s\u00e6kja b\u00e6\u00f0i stigin \u00e1 Hl\u00ed\u00f0arenda \u00ed kv\u00f6ld.\u00a0\u00a0 \u00de\u00f3 ekkert s\u00e9 \u00f3m\u00f6gulegt \u00ed \u00ed\u00fer\u00f3ttum \u00fe\u00e1 var \u00feetta ofst\u00f3r biti fyrir okkar li\u00f0 og ekkert vi\u00f0 \u00fev\u00ed a\u00f0 segja.<br \/>\nLeikurinn \u00ed kv\u00f6ld byrja\u00f0 lj\u00f3mandi vel kraftur \u00ed okkar str\u00e1kum og l\u00e9tt yfir li\u00f0inu sta\u00f0an 9-4 a\u00f0 mig minnir eftir 13 m\u00edn leik. \u00de\u00e1 breyttu andst\u00e6\u00f0ingarnir um v\u00f6rn og \u00fea\u00f0 ger\u00f0i okkur ekki gott, vi\u00f0 f\u00f3rum a\u00f0 hiksta \u00ed s\u00f3kninni \u00e1samt \u00fev\u00ed a\u00f0 gera alltof marga t\u00e6knifeila og \u00e1\u00f0ur en vi\u00f0 n\u00e1\u00f0um a\u00f0 sn\u00faa okkur vi\u00f0, var sta\u00f0an or\u00f0in j\u00f6fn og a\u00f0eins meira en \u00fea\u00f0.\u00a0 Sta\u00f0an \u00ed h\u00e1lfleik var \u00fe\u00f3 ekkert sl\u00e6m 12-11 og allt opi\u00f0.<br \/>\nS\u00ed\u00f0ar h\u00e1lfleikur byrja eins og s\u00e1 fyrr alveg lj\u00f3mandi vel\u00a0 vi\u00f0 me\u00f0 t\u00f3k \u00e1 leiknum en \u00ed st\u00f6\u00f0unni a\u00f0 mig minnir 14-17 f\u00f3r allt \u00ed bakl\u00e1s aftur.\u00a0 Stef\u00e1n Baldvin meiddist og \u00fe\u00e1 var eins vi\u00f0 misstum einhvern neista og s\u00f3knarleikurinn hreinlega hrundi \u00e1samt \u00fev\u00ed a\u00f0 vi\u00f0 fengum \u00e1 okkur \u00f3d\u00fdr m\u00f6rk.\u00a0 Undir lokin ur\u00f0um vi\u00f0 svo a\u00f0 taka \u00e1kve\u00f0na \u00e1h\u00e6ttu og brj\u00f3ta leikinn upp en \u00fea\u00f0 gekk ekki og \u00fev\u00ed f\u00f3r sem f\u00f3r.<br \/>\nLokat\u00f6lur \u00ed kv\u00f6ld 26 -19.<br \/>\n\u00dea\u00f0 er d\u00e1l\u00edti\u00f0 s\u00fart a\u00f0 hugsa til \u00feess a\u00f0 vi\u00f0 hef\u00f0u geta\u00f0 n\u00e1\u00f0 inn \u00ed \u00farslitakeppnina og hef\u00f0um kannski alveg eins \u00e1tt \u00fea\u00f0 skili\u00f0 \u00fev\u00ed FRAM li\u00f0i\u00f0 er b\u00fai\u00f0 a\u00f0 spila \u00f3tr\u00falega vel \u00ed m\u00f6rgum leikjum \u00ed vetur. Li\u00f0i\u00f0 hefur spila\u00f0 fr\u00e1b\u00e6ran varnarleik mest allt m\u00f3ti\u00f0 og til marks um \u00fea\u00f0 er FRAM li\u00f0i\u00f0 b\u00fai\u00f0 a\u00f0 f\u00e1 \u00e1 sig n\u00e6st f\u00e6st m\u00f6rk \u00ed vetur en bara Deildarmeistararnir eru\u00a0 me\u00f0 f\u00e6rri m\u00f6rk \u00e1 sig.\u00a0 En \u00fea\u00f0 sem hefur vanta\u00f0 upp\u00e1 er s\u00f3knarleikurinn\u00a0 \u00fear eigum vi\u00f0 a\u00f0eins \u00ed landa me\u00f0 f\u00e6st m\u00f6rk skoru\u00f0 \u00ed deildinni, af \u00feessu m\u00e1 sj\u00e1 a\u00f0 li\u00f0i\u00f0 hefur n\u00e1\u00f0 fr\u00e1b\u00e6rum \u00e1rangri \u00ed vetur og bara h\u00e6gt a\u00f0 b\u00e6ta ofan \u00e1 \u00feetta n\u00e6stu \u00e1rin.\u00a0 \u00deetta er \u00fev\u00ed vel \u00e1s\u00e6ttanlegur \u00e1rangur \u00feetta \u00e1ri\u00f0 og \u00fea\u00f0 b\u00fdr miki\u00f0 \u00ed str\u00e1kunum okkar, Gu\u00f0laugur \u00fej\u00e1lfari og hans teymi \u00e1 hei\u00f0ur skili\u00f0 fyrir sitt framlag \u00ed vetur unni\u00f0 vel \u00far \u00feeim leikm\u00f6nnum sem voru tilsta\u00f0ar \u00feegar hann t\u00f3k vi\u00f0.<\/p>\n<p>Gl\u00e6silegt FRAMarar og til hamingju me\u00f0 veturinn.<\/p>\n<p>\u00c1FRAM FRAM<\/p>","protected":false},"excerpt":{"rendered":"<p>J\u00e1 \u00feannig lauk \u00feessum \u00a0annars flotta vetri hj\u00e1 str\u00e1kunum okkar \u00ed handboltanum.\u00a0 Tap var ni\u00f0ursta\u00f0an \u00ed kv\u00f6ld en \u00fea\u00f0 var au\u00f0vita\u00f0 lj\u00f3st a\u00f0 \u00fea\u00f0 yr\u00f0i erfitt a\u00f0 s\u00e6kja b\u00e6\u00f0i stigin [&hellip;]<\/p>","protected":false},"author":4,"featured_media":4660,"comment_status":"open","ping_status":"open","sticky":false,"template":"","format":"standard","meta":{"_monsterinsights_skip_tracking":false,"_monsterinsights_sitenote_active":false,"_monsterinsights_sitenote_note":"","_monsterinsights_sitenote_category":0,"_jetpack_memberships_contains_paid_content":false,"footnotes":""},"categories":[6,19],"tags":[],"class_list":["post-6855","post","type-post","status-publish","format-standard","has-post-thumbnail","hentry","category-handbolti","category-mfl-karla"],"jetpack_sharing_enabled":true,"jetpack_featured_media_url":"https:\/\/fram.is\/wp-content\/uploads\/2013\/10\/El\u00edas-vefur.jpg","_links":{"self":[{"href":"https:\/\/fram.is\/is\/wp-json\/wp\/v2\/posts\/6855","targetHints":{"allow":["GET"]}}],"collection":[{"href":"https:\/\/fram.is\/is\/wp-json\/wp\/v2\/posts"}],"about":[{"href":"https:\/\/fram.is\/is\/wp-json\/wp\/v2\/types\/post"}],"author":[{"embeddable":true,"href":"https:\/\/fram.is\/is\/wp-json\/wp\/v2\/users\/4"}],"replies":[{"embeddable":true,"href":"https:\/\/fram.is\/is\/wp-json\/wp\/v2\/comments?post=6855"}],"version-history":[{"count":0,"href":"https:\/\/fram.is\/is\/wp-json\/wp\/v2\/posts\/6855\/revisions"}],"wp:featuredmedia":[{"embeddable":true,"href":"https:\/\/fram.is\/is\/wp-json\/wp\/v2\/media\/4660"}],"wp:attachment":[{"href":"https:\/\/fram.is\/is\/wp-json\/wp\/v2\/media?parent=6855"}],"wp:term":[{"taxonomy":"category","embeddable":true,"href":"https:\/\/fram.is\/is\/wp-json\/wp\/v2\/categories?post=6855"},{"taxonomy":"post_tag","embeddable":true,"href":"https:\/\/fram.is\/is\/wp-json\/wp\/v2\/tags?post=6855"}],"curies":[{"name":"wp","href":"https:\/\/api.w.org\/{rel}","templated":true}]}}