{"id":6860,"date":"2014-04-15T15:25:13","date_gmt":"2014-04-15T15:25:13","guid":{"rendered":"http:\/\/fram.is\/?p=6860"},"modified":"2014-04-15T15:25:13","modified_gmt":"2014-04-15T15:25:13","slug":"auka-adalfundur-taekwondodeildar-fram","status":"publish","type":"post","link":"https:\/\/fram.is\/is\/2014\/04\/15\/auka-adalfundur-taekwondodeildar-fram\/","title":{"rendered":"Auka-A\u00f0alfundur Taekwondodeildar FRAM"},"content":{"rendered":"<p align=\"center\"><b><span style=\"text-decoration: underline;\"><a href=\"http:\/\/fram.is\/wp-content\/uploads\/2014\/02\/Bikarkeppni-feb.-2014..jpg\"><img fetchpriority=\"high\" decoding=\"async\" class=\"alignright size-medium wp-image-6103\" alt=\"Bikarkeppni feb. 2014.\" src=\"http:\/\/fram.is\/wp-content\/uploads\/2014\/02\/Bikarkeppni-feb.-2014.-300x225.jpg\" width=\"300\" height=\"225\" \/><\/a>AUKA-A\u00d0ALFUNDUR <\/span><\/b><b><span style=\"text-decoration: underline;\">\u00a0<\/span><\/b><\/p>\n<p><b>AUKA-A\u00d0ALFUNDUR TAEKWONDODEILDAR \u00a0FRAM VER\u00d0UR HALDINN <\/b>\u00a0<b>\u00cd \u00cd\u00deR\u00d3TTAH\u00daSI FRAM \u00deRI\u00d0JUDAGINN 22. apr\u00edl<\/b>\u00a0<b>KL. 20:00.<\/b><b>\u00a0<\/b><\/p>\n<p><b>Dagskr\u00e1:<\/b><b><\/b><\/p>\n<p>&#8211;\u00a0\u00a0\u00a0\u00a0\u00a0\u00a0\u00a0\u00a0 <b>Venjuleg a\u00f0alfundarst\u00f6rf <\/b><\/p>\n<p>&#8211;\u00a0\u00a0\u00a0\u00a0\u00a0\u00a0\u00a0\u00a0 <b>\u00d6nnur m\u00e1l<\/b><\/p>\n<p><b>Stj\u00f3rn Taekwondodeildar\u00a0<\/b><\/p>","protected":false},"excerpt":{"rendered":"<p>AUKA-A\u00d0ALFUNDUR \u00a0 AUKA-A\u00d0ALFUNDUR TAEKWONDODEILDAR \u00a0FRAM VER\u00d0UR HALDINN \u00a0\u00cd \u00cd\u00deR\u00d3TTAH\u00daSI FRAM \u00deRI\u00d0JUDAGINN 22. apr\u00edl\u00a0KL. 20:00.\u00a0 Dagskr\u00e1: &#8211;\u00a0\u00a0\u00a0\u00a0\u00a0\u00a0\u00a0\u00a0 Venjuleg a\u00f0alfundarst\u00f6rf &#8211;\u00a0\u00a0\u00a0\u00a0\u00a0\u00a0\u00a0\u00a0 \u00d6nnur m\u00e1l Stj\u00f3rn Taekwondodeildar\u00a0<\/p>","protected":false},"author":4,"featured_media":6104,"comment_status":"open","ping_status":"open","sticky":false,"template":"","format":"standard","meta":{"_monsterinsights_skip_tracking":false,"_monsterinsights_sitenote_active":false,"_monsterinsights_sitenote_note":"","_monsterinsights_sitenote_category":0,"_jetpack_memberships_contains_paid_content":false,"footnotes":""},"categories":[18],"tags":[],"class_list":["post-6860","post","type-post","status-publish","format-standard","has-post-thumbnail","hentry","category-taekwondo"],"jetpack_sharing_enabled":true,"jetpack_featured_media_url":"https:\/\/fram.is\/wp-content\/uploads\/2014\/02\/Tki-vefur.jpg","_links":{"self":[{"href":"https:\/\/fram.is\/is\/wp-json\/wp\/v2\/posts\/6860","targetHints":{"allow":["GET"]}}],"collection":[{"href":"https:\/\/fram.is\/is\/wp-json\/wp\/v2\/posts"}],"about":[{"href":"https:\/\/fram.is\/is\/wp-json\/wp\/v2\/types\/post"}],"author":[{"embeddable":true,"href":"https:\/\/fram.is\/is\/wp-json\/wp\/v2\/users\/4"}],"replies":[{"embeddable":true,"href":"https:\/\/fram.is\/is\/wp-json\/wp\/v2\/comments?post=6860"}],"version-history":[{"count":0,"href":"https:\/\/fram.is\/is\/wp-json\/wp\/v2\/posts\/6860\/revisions"}],"wp:featuredmedia":[{"embeddable":true,"href":"https:\/\/fram.is\/is\/wp-json\/wp\/v2\/media\/6104"}],"wp:attachment":[{"href":"https:\/\/fram.is\/is\/wp-json\/wp\/v2\/media?parent=6860"}],"wp:term":[{"taxonomy":"category","embeddable":true,"href":"https:\/\/fram.is\/is\/wp-json\/wp\/v2\/categories?post=6860"},{"taxonomy":"post_tag","embeddable":true,"href":"https:\/\/fram.is\/is\/wp-json\/wp\/v2\/tags?post=6860"}],"curies":[{"name":"wp","href":"https:\/\/api.w.org\/{rel}","templated":true}]}}