{"id":6863,"date":"2014-04-15T16:21:13","date_gmt":"2014-04-15T16:21:13","guid":{"rendered":"http:\/\/fram.is\/?p=6863"},"modified":"2014-04-15T16:21:13","modified_gmt":"2014-04-15T16:21:13","slug":"fram-stelpur-taka-til-hendinni-grafarholti","status":"publish","type":"post","link":"https:\/\/fram.is\/is\/2014\/04\/15\/fram-stelpur-taka-til-hendinni-grafarholti\/","title":{"rendered":"FRAM stelpur taka til hendinni \u00ed Grafarholti"},"content":{"rendered":"<p><a href=\"http:\/\/fram.is\/wp-content\/uploads\/2014\/04\/fyrirtaks_framarar.jpg\"><img fetchpriority=\"high\" decoding=\"async\" class=\"alignright size-medium wp-image-6864\" alt=\"fyrirtaks_framarar\" src=\"http:\/\/fram.is\/wp-content\/uploads\/2014\/04\/fyrirtaks_framarar-300x199.jpg\" width=\"300\" height=\"199\" \/><\/a>\u00deann 14. apr\u00edl h\u00f3fst vortiltekt vi\u00f0 Reynisvatn \u00ed Grafarholti. Stelpurnar \u00far 3. flokki Fram, handbolta t\u00f3ku til hendinni og nutu til \u00feess stu\u00f0nings hverfisr\u00e1\u00f0s Grafarholts. Miki\u00f0 rusl safna\u00f0ist upp \u00ed vetur en stelpurnar hafa n\u00fa s\u00e9\u00f0 til \u00feess a\u00f0 g\u00f6ngulei\u00f0in umhverfis vatni\u00f0 og \u00fati leiksv\u00e6\u00f0in eru aftur or\u00f0in hrein og f\u00edn.<br \/>\nFyrirtaks Framarar \u00e1 fer\u00f0 !\u00a0http:\/\/reykjavik.is\/frettir\/vorhreinsun-vid-reynisvatn<\/p>\n<p>Vel gert stelpur og flott framtak.<\/p>\n<p>\u00c1FRAM FRAM<\/p>","protected":false},"excerpt":{"rendered":"<p>\u00deann 14. apr\u00edl h\u00f3fst vortiltekt vi\u00f0 Reynisvatn \u00ed Grafarholti. Stelpurnar \u00far 3. flokki Fram, handbolta t\u00f3ku til hendinni og nutu til \u00feess stu\u00f0nings hverfisr\u00e1\u00f0s Grafarholts. Miki\u00f0 rusl safna\u00f0ist upp \u00ed [&hellip;]<\/p>","protected":false},"author":4,"featured_media":6865,"comment_status":"open","ping_status":"open","sticky":false,"template":"","format":"standard","meta":{"_monsterinsights_skip_tracking":false,"_monsterinsights_sitenote_active":false,"_monsterinsights_sitenote_note":"","_monsterinsights_sitenote_category":0,"_jetpack_memberships_contains_paid_content":false,"footnotes":""},"categories":[8],"tags":[],"class_list":["post-6863","post","type-post","status-publish","format-standard","has-post-thumbnail","hentry","category-adalstjorn"],"jetpack_sharing_enabled":true,"jetpack_featured_media_url":"https:\/\/fram.is\/wp-content\/uploads\/2014\/04\/fyrirtaks_framarar-vefur.jpg","_links":{"self":[{"href":"https:\/\/fram.is\/is\/wp-json\/wp\/v2\/posts\/6863","targetHints":{"allow":["GET"]}}],"collection":[{"href":"https:\/\/fram.is\/is\/wp-json\/wp\/v2\/posts"}],"about":[{"href":"https:\/\/fram.is\/is\/wp-json\/wp\/v2\/types\/post"}],"author":[{"embeddable":true,"href":"https:\/\/fram.is\/is\/wp-json\/wp\/v2\/users\/4"}],"replies":[{"embeddable":true,"href":"https:\/\/fram.is\/is\/wp-json\/wp\/v2\/comments?post=6863"}],"version-history":[{"count":0,"href":"https:\/\/fram.is\/is\/wp-json\/wp\/v2\/posts\/6863\/revisions"}],"wp:featuredmedia":[{"embeddable":true,"href":"https:\/\/fram.is\/is\/wp-json\/wp\/v2\/media\/6865"}],"wp:attachment":[{"href":"https:\/\/fram.is\/is\/wp-json\/wp\/v2\/media?parent=6863"}],"wp:term":[{"taxonomy":"category","embeddable":true,"href":"https:\/\/fram.is\/is\/wp-json\/wp\/v2\/categories?post=6863"},{"taxonomy":"post_tag","embeddable":true,"href":"https:\/\/fram.is\/is\/wp-json\/wp\/v2\/tags?post=6863"}],"curies":[{"name":"wp","href":"https:\/\/api.w.org\/{rel}","templated":true}]}}