{"id":6960,"date":"2014-04-26T09:59:32","date_gmt":"2014-04-26T09:59:32","guid":{"rendered":"http:\/\/fram.is\/?p=6960"},"modified":"2014-04-26T09:59:32","modified_gmt":"2014-04-26T09:59:32","slug":"jafntefli-lengjubikar-kvenna","status":"publish","type":"post","link":"https:\/\/fram.is\/is\/2014\/04\/26\/jafntefli-lengjubikar-kvenna\/","title":{"rendered":"Jafntefli \u00ed Lengjubikar kvenna"},"content":{"rendered":"<h1><b style=\"font-size: 12px;\"><a href=\"http:\/\/fram.is\/wp-content\/uploads\/2014\/04\/Sp\u00e1nn-II.jpg\"><img fetchpriority=\"high\" decoding=\"async\" class=\"alignright size-medium wp-image-6738\" alt=\"Sp\u00e1nn II\" src=\"http:\/\/fram.is\/wp-content\/uploads\/2014\/04\/Sp\u00e1nn-II-300x200.jpg\" width=\"300\" height=\"200\" \/><\/a>Stelpurnar okkar \u00ed mfl. kvenna l\u00e9ku \u00ed g\u00e6r vi\u00f0 B\u00cd\/Bolungarv\u00edk \u00ed Lengjubikarnum. Leiki\u00f0 var \u00ed \u00dalfars\u00e1rdal. Sta\u00f0an \u00ed h\u00e1lfleik var 2-1 fyrir okkar st\u00falkur en lokat\u00f6lur \u00ed leikum ur\u00f0u 2-2. M\u00f6rk FRAM ger\u00f0u <\/b><b style=\"font-size: 12px;\">Anna Marzell\u00edusard\u00f3ttir \u00e1 10 m\u00edn og Tinna Bj\u00f6rk \u00e1 30 m\u00edn. \u00deetta var s\u00ed\u00f0asti leikur stelpnanna \u00ed Lengjubikarnum \u00feetta \u00e1ri\u00f0 og n\u00fa er bara a\u00f0 b\u00ed\u00f0a eftir \u00fev\u00ed a\u00f0 \u00cdslandsm\u00f3ti\u00f0 byrji og fj\u00f6ri\u00f0 fari a\u00f0 hefjast.<\/b><\/h1>\n<p><b>\u00a0<\/b><\/p>","protected":false},"excerpt":{"rendered":"<p>Stelpurnar okkar \u00ed mfl. kvenna l\u00e9ku \u00ed g\u00e6r vi\u00f0 B\u00cd\/Bolungarv\u00edk \u00ed Lengjubikarnum. Leiki\u00f0 var \u00ed \u00dalfars\u00e1rdal. Sta\u00f0an \u00ed h\u00e1lfleik var 2-1 fyrir okkar st\u00falkur en lokat\u00f6lur \u00ed leikum ur\u00f0u 2-2. [&hellip;]<\/p>","protected":false},"author":4,"featured_media":6832,"comment_status":"open","ping_status":"open","sticky":false,"template":"","format":"standard","meta":{"_monsterinsights_skip_tracking":false,"_monsterinsights_sitenote_active":false,"_monsterinsights_sitenote_note":"","_monsterinsights_sitenote_category":0,"_jetpack_memberships_contains_paid_content":false,"footnotes":""},"categories":[12,9],"tags":[],"class_list":["post-6960","post","type-post","status-publish","format-standard","has-post-thumbnail","hentry","category-mflkvenna","category-fotbolti"],"jetpack_sharing_enabled":true,"jetpack_featured_media_url":"https:\/\/fram.is\/wp-content\/uploads\/2014\/04\/mfl.kv_.jpg","_links":{"self":[{"href":"https:\/\/fram.is\/is\/wp-json\/wp\/v2\/posts\/6960","targetHints":{"allow":["GET"]}}],"collection":[{"href":"https:\/\/fram.is\/is\/wp-json\/wp\/v2\/posts"}],"about":[{"href":"https:\/\/fram.is\/is\/wp-json\/wp\/v2\/types\/post"}],"author":[{"embeddable":true,"href":"https:\/\/fram.is\/is\/wp-json\/wp\/v2\/users\/4"}],"replies":[{"embeddable":true,"href":"https:\/\/fram.is\/is\/wp-json\/wp\/v2\/comments?post=6960"}],"version-history":[{"count":0,"href":"https:\/\/fram.is\/is\/wp-json\/wp\/v2\/posts\/6960\/revisions"}],"wp:featuredmedia":[{"embeddable":true,"href":"https:\/\/fram.is\/is\/wp-json\/wp\/v2\/media\/6832"}],"wp:attachment":[{"href":"https:\/\/fram.is\/is\/wp-json\/wp\/v2\/media?parent=6960"}],"wp:term":[{"taxonomy":"category","embeddable":true,"href":"https:\/\/fram.is\/is\/wp-json\/wp\/v2\/categories?post=6960"},{"taxonomy":"post_tag","embeddable":true,"href":"https:\/\/fram.is\/is\/wp-json\/wp\/v2\/tags?post=6960"}],"curies":[{"name":"wp","href":"https:\/\/api.w.org\/{rel}","templated":true}]}}