{"id":6969,"date":"2014-04-26T17:42:34","date_gmt":"2014-04-26T17:42:34","guid":{"rendered":"http:\/\/fram.is\/?p=6969"},"modified":"2014-04-26T17:42:34","modified_gmt":"2014-04-26T17:42:34","slug":"6969","status":"publish","type":"post","link":"https:\/\/fram.is\/is\/2014\/04\/26\/6969\/","title":{"rendered":"N\u00fd stj\u00f3rn Knattspyrnuf\u00e9lagsins Fram"},"content":{"rendered":"<p>A\u00f0alfundur Knattspyrnuf\u00e9lagsins var haldinn 23. apr\u00edl sl. \u00a0\u00c1 fundinum var kosin n\u00fd stj\u00f3rn f\u00e9lagsins og ger\u00f0ar voru lagabreytingar.<\/p>\n<p>N\u00fd stj\u00f3rn er \u00feannig skipu\u00f0:<\/p>\n<p>\u00d3lafur Arnarson var endurkj\u00f6rinn forma\u00f0ur.<\/p>\n<p>L\u00fa\u00f0v\u00edk \u00deorgeirsson og Ragnar L. Kristj\u00e1nsson voru kj\u00f6rnir til tveggja \u00e1ra eftir n\u00fdjum l\u00f6gum f\u00e9lagsins.<\/p>\n<p>J\u00f3n Eggert Hallsson og J\u00f3n \u00c1sgeir Einarsson voru kj\u00f6rnir til eins \u00e1rs.<\/p>\n<p>Varamenn voru kj\u00f6rnir \u00deoebj\u00f6rg Gunnarsd\u00f3ttir, Kolbeinn Finnsson og J\u00f3n \u00c1rmann Gu\u00f0j\u00f3nsson.<\/p>\n<p>\u00dar stj\u00f3rn gengu Gu\u00f0r\u00ed\u00f0ur Gu\u00f0j\u00f3nsd\u00f3ttir og Arnar Arnarsson. \u00a0Eru \u00feeim \u00fe\u00f6kku\u00f0 vel unnin st\u00f6rf \u00ed \u00fe\u00e1gu f\u00e9lagsins.<\/p>","protected":false},"excerpt":{"rendered":"<p>A\u00f0alfundur Knattspyrnuf\u00e9lagsins var haldinn 23. apr\u00edl sl. \u00a0\u00c1 fundinum var kosin n\u00fd stj\u00f3rn f\u00e9lagsins og ger\u00f0ar voru lagabreytingar. N\u00fd stj\u00f3rn er \u00feannig skipu\u00f0: \u00d3lafur Arnarson var endurkj\u00f6rinn forma\u00f0ur. L\u00fa\u00f0v\u00edk \u00deorgeirsson [&hellip;]<\/p>","protected":false},"author":6,"featured_media":6419,"comment_status":"open","ping_status":"open","sticky":false,"template":"","format":"standard","meta":{"_monsterinsights_skip_tracking":false,"_monsterinsights_sitenote_active":false,"_monsterinsights_sitenote_note":"","_monsterinsights_sitenote_category":0,"_jetpack_memberships_contains_paid_content":false,"footnotes":""},"categories":[8,10],"tags":[],"class_list":["post-6969","post","type-post","status-publish","format-standard","has-post-thumbnail","hentry","category-adalstjorn","category-frettir"],"jetpack_sharing_enabled":true,"jetpack_featured_media_url":"https:\/\/fram.is\/wp-content\/uploads\/2014\/03\/horfendur-vefur.jpg","_links":{"self":[{"href":"https:\/\/fram.is\/is\/wp-json\/wp\/v2\/posts\/6969","targetHints":{"allow":["GET"]}}],"collection":[{"href":"https:\/\/fram.is\/is\/wp-json\/wp\/v2\/posts"}],"about":[{"href":"https:\/\/fram.is\/is\/wp-json\/wp\/v2\/types\/post"}],"author":[{"embeddable":true,"href":"https:\/\/fram.is\/is\/wp-json\/wp\/v2\/users\/6"}],"replies":[{"embeddable":true,"href":"https:\/\/fram.is\/is\/wp-json\/wp\/v2\/comments?post=6969"}],"version-history":[{"count":0,"href":"https:\/\/fram.is\/is\/wp-json\/wp\/v2\/posts\/6969\/revisions"}],"wp:featuredmedia":[{"embeddable":true,"href":"https:\/\/fram.is\/is\/wp-json\/wp\/v2\/media\/6419"}],"wp:attachment":[{"href":"https:\/\/fram.is\/is\/wp-json\/wp\/v2\/media?parent=6969"}],"wp:term":[{"taxonomy":"category","embeddable":true,"href":"https:\/\/fram.is\/is\/wp-json\/wp\/v2\/categories?post=6969"},{"taxonomy":"post_tag","embeddable":true,"href":"https:\/\/fram.is\/is\/wp-json\/wp\/v2\/tags?post=6969"}],"curies":[{"name":"wp","href":"https:\/\/api.w.org\/{rel}","templated":true}]}}