{"id":7002,"date":"2014-04-30T22:51:01","date_gmt":"2014-04-30T22:51:01","guid":{"rendered":"http:\/\/fram.is\/?p=7002"},"modified":"2014-04-30T22:51:01","modified_gmt":"2014-04-30T22:51:01","slug":"dregur-til-tidinda-hja-yngri-flokkunum-handbolta","status":"publish","type":"post","link":"https:\/\/fram.is\/is\/2014\/04\/30\/dregur-til-tidinda-hja-yngri-flokkunum-handbolta\/","title":{"rendered":"Dregur til t\u00ed\u00f0inda hj\u00e1 yngri flokkunum \u00ed handbolta"},"content":{"rendered":"<p>\u00dea\u00f0 ver\u00f0ur n\u00f3g um a\u00f0 vera hj\u00e1 yngri flokkum FRAM \u00ed handbolta \u00e1 n\u00e6stunni. \u00a0Leiki\u00f0 ver\u00f0ur til undan\u00farslita \u00ed \u00cdslandsm\u00f3tinu \u00e1 fimmtudag og f\u00f6studag. \u00a0\u00c1 sunnudag fara svo fram sj\u00e1lfir \u00farslitaleikirnir.<\/p>\n<p>&nbsp;<\/p>\n<p>Fimmtudaginn 1.ma\u00ed fara fram tveir st\u00f3rleikir \u00ed \u00cd\u00fer\u00f3ttah\u00fasi FRAM \u00feegar 3.flokkar karla og kvenna leika til undan\u00farslita \u00e1 \u00cdslandsm\u00f3tinu. \u00a0Str\u00e1karnir m\u00e6ta FH en stelpurnar Selfyssingum.<\/p>\n<p>Fim. 1.ma\u00ed kl. 11:30 \u00a0FRAM &#8211; FH \u00a04 li\u00f0a \u00farslit 3.fl. karla FRAMh\u00fas<\/p>\n<p>Fim. 1.ma\u00ed kl. 13:30 \u00a0FRAM &#8211; Selfoss \u00a04 li\u00f0a \u00farslit 3.fl. kvenna FRAMh\u00fas<\/p>\n<p>Tilvali\u00f0 a\u00f0 m\u00e6ta \u00ed 106 \u00e1ra afm\u00e6liskaffi FRAM og horfa svo \u00e1 skemmtilega handboltaleiki \u00ed framhaldinu.<\/p>\n<p>&nbsp;<\/p>\n<p>F\u00f6studaginn 2.ma\u00ed leikur 2.flokkur karla til undan\u00farslita \u00e1 \u00cdslandsm\u00f3tinu gegn Haukum. \u00a0S\u00e1 leikur fer fram \u00e1 \u00c1sv\u00f6llum og hefst kl. 19:30.<\/p>\n<p>F\u00f6s. 2.ma\u00ed kl. 19:30 \u00a0Haukar &#8211; FRAM \u00a04 li\u00f0a \u00farslit 2.fl. karla Haukah\u00fas.<\/p>\n<p>&nbsp;<\/p>\n<p>Sunnudaginn 4.ma\u00ed ver\u00f0ur svo \u00farslitadagur yngri flokka \u00ed \u00ed\u00fer\u00f3ttah\u00fasinu \u00ed Austurbergi.<\/p>\n<p><b><i>Leikjaplan sunnudagsins er h\u00e9r fyrir ne\u00f0an (allir leikirnir spila\u00f0ir \u00ed Austurbergi):<\/i><\/b><\/p>\n<p>Kl. 10:00\u00a0\u00a0\u00a0\u00a0 4.fl. karla yngri<br \/>\nKl. 11:30\u00a0\u00a0\u00a0\u00a0 4.fl. kvenna yngri<br \/>\nKl. 13:00\u00a0\u00a0\u00a0\u00a0 4.fl. karla eldri<br \/>\nKl. 14:30\u00a0\u00a0\u00a0\u00a0 4.fl. kvenna eldri<br \/>\nKl. 16:00\u00a0\u00a0\u00a0\u00a0 3.fl. karla<br \/>\nKl. 18:00\u00a0\u00a0\u00a0\u00a0 3.fl. kvenna<br \/>\nKl. 20:00\u00a0\u00a0\u00a0\u00a0 2.fl. karla<\/p>\n<p>FRAMarar eru hvattir til a\u00f0 m\u00e6ta og sty\u00f0ja okkar efnilegu handboltai\u00f0kendur \u00e1 fimmtudag og f\u00f6studag og einnig \u00e1 sunnudaginn \u00ed Austurbergi.<\/p>\n<p>\u00c1fram FRAM!<\/p>","protected":false},"excerpt":{"rendered":"<p>\u00dea\u00f0 ver\u00f0ur n\u00f3g um a\u00f0 vera hj\u00e1 yngri flokkum FRAM \u00ed handbolta \u00e1 n\u00e6stunni. \u00a0Leiki\u00f0 ver\u00f0ur til undan\u00farslita \u00ed \u00cdslandsm\u00f3tinu \u00e1 fimmtudag og f\u00f6studag. \u00a0\u00c1 sunnudag fara svo fram sj\u00e1lfir [&hellip;]<\/p>","protected":false},"author":6,"featured_media":6378,"comment_status":"open","ping_status":"open","sticky":false,"template":"","format":"standard","meta":{"_monsterinsights_skip_tracking":false,"_monsterinsights_sitenote_active":false,"_monsterinsights_sitenote_note":"","_monsterinsights_sitenote_category":0,"_jetpack_memberships_contains_paid_content":false,"footnotes":""},"categories":[7,10,6,24],"tags":[],"class_list":["post-7002","post","type-post","status-publish","format-standard","has-post-thumbnail","hentry","category-yngri-flokkar","category-frettir","category-handbolti","category-2-flokkur-karla"],"jetpack_sharing_enabled":true,"jetpack_featured_media_url":"https:\/\/fram.is\/wp-content\/uploads\/2014\/03\/3-scaled.jpg","_links":{"self":[{"href":"https:\/\/fram.is\/is\/wp-json\/wp\/v2\/posts\/7002","targetHints":{"allow":["GET"]}}],"collection":[{"href":"https:\/\/fram.is\/is\/wp-json\/wp\/v2\/posts"}],"about":[{"href":"https:\/\/fram.is\/is\/wp-json\/wp\/v2\/types\/post"}],"author":[{"embeddable":true,"href":"https:\/\/fram.is\/is\/wp-json\/wp\/v2\/users\/6"}],"replies":[{"embeddable":true,"href":"https:\/\/fram.is\/is\/wp-json\/wp\/v2\/comments?post=7002"}],"version-history":[{"count":0,"href":"https:\/\/fram.is\/is\/wp-json\/wp\/v2\/posts\/7002\/revisions"}],"wp:featuredmedia":[{"embeddable":true,"href":"https:\/\/fram.is\/is\/wp-json\/wp\/v2\/media\/6378"}],"wp:attachment":[{"href":"https:\/\/fram.is\/is\/wp-json\/wp\/v2\/media?parent=7002"}],"wp:term":[{"taxonomy":"category","embeddable":true,"href":"https:\/\/fram.is\/is\/wp-json\/wp\/v2\/categories?post=7002"},{"taxonomy":"post_tag","embeddable":true,"href":"https:\/\/fram.is\/is\/wp-json\/wp\/v2\/tags?post=7002"}],"curies":[{"name":"wp","href":"https:\/\/api.w.org\/{rel}","templated":true}]}}