{"id":7029,"date":"2014-05-02T15:15:01","date_gmt":"2014-05-02T15:15:01","guid":{"rendered":"http:\/\/fram.is\/?p=7029"},"modified":"2014-05-02T15:15:01","modified_gmt":"2014-05-02T15:15:01","slug":"gudlaugur-hja-fram-til-2017","status":"publish","type":"post","link":"https:\/\/fram.is\/is\/2014\/05\/02\/gudlaugur-hja-fram-til-2017\/","title":{"rendered":"Gu\u00f0laugur hj\u00e1 Fram til 2017"},"content":{"rendered":"<p style=\"text-align: left;\" align=\"center\">\u00a0Handknattleiksdeild Fram og Gu\u00f0laugur Arnarsson \u00fej\u00e1lfari meistaraflokks karla framlengja samning \u00fat keppnist\u00edmabili\u00f0 2016-2017<\/p>\n<p><a href=\"http:\/\/fram.is\/wp-content\/uploads\/2014\/05\/Helga-og-gullli-stor.jpg\"><img fetchpriority=\"high\" decoding=\"async\" class=\"alignright size-medium wp-image-7032\" alt=\"Helga og gullli stor\" src=\"http:\/\/fram.is\/wp-content\/uploads\/2014\/05\/Helga-og-gullli-stor-300x214.jpg\" width=\"300\" height=\"214\" \/><\/a> Gu\u00f0laugur Arnarsson \u00fej\u00e1lfari meistaraflokks FRAM skrifa\u00f0i \u00ed g\u00e6r undir n\u00fdjan\u00a0samning vi\u00f0 f\u00e9lagi\u00f0 sem gildir \u00fat keppnist\u00edmabili\u00f0 \u00a02016-2017. Gu\u00f0laugur var me\u00f0 gildan samning vi\u00f0 FRAM \u00fat n\u00e6sta t\u00edmabil en n\u00fa er b\u00fai\u00f0 a\u00f0 tryggja a\u00f0 Gu\u00f0laugur\u00a0ver\u00f0ur \u00fej\u00e1lfari li\u00f0sins n\u00e6stu 3 \u00e1rin.<\/p>\n<p>Helga Bj\u00f6rk Eir\u00edksd\u00f3ttir, forma\u00f0ur handknattleiksdeildar FRAM: \u201cVi\u00f0 erum gr\u00ed\u00f0arlega s\u00e1tt vi\u00f0 Gu\u00f0laug og \u00fe\u00e6r \u00e1herslur sem hann setti \u00feegar hann t\u00f3k vi\u00f0 li\u00f0inu fyrir yfirstandandi t\u00edmabil. Vi\u00f0 misstum marga leikmenn fyrir t\u00edmabili\u00f0 og t\u00f3kum \u00fe\u00e1 \u00e1kv\u00f6r\u00f0un a\u00f0 n\u00fdta \u00feann efnivi\u00f0 sem b\u00fdr \u00ed f\u00e9laginu og setja yngri leikmenn \u00ed st\u00e6rri hlutverk. Me\u00f0 \u00fev\u00ed a\u00f0 framlengja samninginn vi\u00f0 Gu\u00f0laug gefum vi\u00f0 honum frekara t\u00e6kif\u00e6ri til a\u00f0 lei\u00f0a \u00fe\u00e1 uppbyggingu sem fyrir h\u00f6ndum er. Vi\u00f0 erum \u00fev\u00ed afar \u00e1n\u00e6g\u00f0 a\u00f0 hafa tryggt okkur krafta Gu\u00f0laugs \u00e1fram\u00a0og horfum bj\u00f6rtum augum \u00e1 framt\u00ed\u00f0 FRAM.\u201d<\/p>\n<p><a href=\"http:\/\/fram.is\/wp-content\/uploads\/2014\/05\/gulli-og-str\u00e1karnir-g\u00f3\u00f0..jpg\"><img decoding=\"async\" class=\"alignright size-medium wp-image-7031\" alt=\"gulli og str\u00e1karnir g\u00f3\u00f0.\" src=\"http:\/\/fram.is\/wp-content\/uploads\/2014\/05\/gulli-og-str\u00e1karnir-g\u00f3\u00f0.-300x214.jpg\" width=\"300\" height=\"214\" \/><\/a>Gu\u00f0laugur Arnarsson, \u00fej\u00e1lfari meistaraflokks FRAM: &#8220;\u00c9g er virkilega \u00e1n\u00e6g\u00f0ur me\u00f0 \u00fea\u00f0 traust sem stj\u00f3rn handknattleiksdeildar s\u00fdnir m\u00e9r me\u00f0 \u00fev\u00ed a\u00f0 framlengja samninginn okkar \u00e1 milli strax. \u00dea\u00f0 og s\u00fa sta\u00f0reynd a\u00f0 okkar efnilegu str\u00e1kar eru l\u00edka a\u00f0 framlengja s\u00edna samninga \u00a0undirstrikar \u00fe\u00e1 metna\u00f0arfullu vinnu sem vi\u00f0 \u00e6tlum a\u00f0 leggja \u00ed \u00e1 komandi \u00e1rum. \u00c9g hlakka miki\u00f0 til a\u00f0 vinna \u00e1fram me\u00f0 \u00feessum str\u00e1kum og \u00f6llu \u00fev\u00ed g\u00f3\u00f0a f\u00f3lki sem er a\u00f0 vinna \u00a0kringum li\u00f0i\u00f0.&#8221;<\/p>\n<p>Handknattleiksdeild FRAM<\/p>","protected":false},"excerpt":{"rendered":"<p>\u00a0Handknattleiksdeild Fram og Gu\u00f0laugur Arnarsson \u00fej\u00e1lfari meistaraflokks karla framlengja samning \u00fat keppnist\u00edmabili\u00f0 2016-2017 Gu\u00f0laugur Arnarsson \u00fej\u00e1lfari meistaraflokks FRAM skrifa\u00f0i \u00ed g\u00e6r undir n\u00fdjan\u00a0samning vi\u00f0 f\u00e9lagi\u00f0 sem gildir \u00fat keppnist\u00edmabili\u00f0 \u00a02016-2017. [&hellip;]<\/p>","protected":false},"author":4,"featured_media":7033,"comment_status":"open","ping_status":"open","sticky":false,"template":"","format":"standard","meta":{"_monsterinsights_skip_tracking":false,"_monsterinsights_sitenote_active":false,"_monsterinsights_sitenote_note":"","_monsterinsights_sitenote_category":0,"_jetpack_memberships_contains_paid_content":false,"footnotes":""},"categories":[6,19],"tags":[],"class_list":["post-7029","post","type-post","status-publish","format-standard","has-post-thumbnail","hentry","category-handbolti","category-mfl-karla"],"jetpack_sharing_enabled":true,"jetpack_featured_media_url":"https:\/\/fram.is\/wp-content\/uploads\/2014\/05\/Gulli-og-Helga-scaled.jpg","_links":{"self":[{"href":"https:\/\/fram.is\/is\/wp-json\/wp\/v2\/posts\/7029","targetHints":{"allow":["GET"]}}],"collection":[{"href":"https:\/\/fram.is\/is\/wp-json\/wp\/v2\/posts"}],"about":[{"href":"https:\/\/fram.is\/is\/wp-json\/wp\/v2\/types\/post"}],"author":[{"embeddable":true,"href":"https:\/\/fram.is\/is\/wp-json\/wp\/v2\/users\/4"}],"replies":[{"embeddable":true,"href":"https:\/\/fram.is\/is\/wp-json\/wp\/v2\/comments?post=7029"}],"version-history":[{"count":0,"href":"https:\/\/fram.is\/is\/wp-json\/wp\/v2\/posts\/7029\/revisions"}],"wp:featuredmedia":[{"embeddable":true,"href":"https:\/\/fram.is\/is\/wp-json\/wp\/v2\/media\/7033"}],"wp:attachment":[{"href":"https:\/\/fram.is\/is\/wp-json\/wp\/v2\/media?parent=7029"}],"wp:term":[{"taxonomy":"category","embeddable":true,"href":"https:\/\/fram.is\/is\/wp-json\/wp\/v2\/categories?post=7029"},{"taxonomy":"post_tag","embeddable":true,"href":"https:\/\/fram.is\/is\/wp-json\/wp\/v2\/tags?post=7029"}],"curies":[{"name":"wp","href":"https:\/\/api.w.org\/{rel}","templated":true}]}}