{"id":7050,"date":"2014-05-02T21:46:10","date_gmt":"2014-05-02T21:46:10","guid":{"rendered":"http:\/\/fram.is\/?p=7050"},"modified":"2014-05-02T21:46:10","modified_gmt":"2014-05-02T21:46:10","slug":"fram-leikur-3-urslitaleiki-sunnudag-handbolta","status":"publish","type":"post","link":"https:\/\/fram.is\/is\/2014\/05\/02\/fram-leikur-3-urslitaleiki-sunnudag-handbolta\/","title":{"rendered":"FRAM leikur 3 \u00farslitaleiki \u00e1 sunnudag \u00ed handbolta"},"content":{"rendered":"<p><a href=\"http:\/\/fram.is\/wp-content\/uploads\/2014\/04\/4.fl_.kv_.jpg\"><img fetchpriority=\"high\" decoding=\"async\" class=\"alignright size-medium wp-image-6836\" alt=\"4.fl.kv\" src=\"http:\/\/fram.is\/wp-content\/uploads\/2014\/04\/4.fl_.kv_-300x200.jpg\" width=\"300\" height=\"200\" srcset=\"https:\/\/fram.is\/wp-content\/uploads\/2014\/04\/4.fl_.kv_-300x200.jpg 300w, https:\/\/fram.is\/wp-content\/uploads\/2014\/04\/4.fl_.kv_-800x533.jpg 800w, https:\/\/fram.is\/wp-content\/uploads\/2014\/04\/4.fl_.kv_-1024x683.jpg 1024w, https:\/\/fram.is\/wp-content\/uploads\/2014\/04\/4.fl_.kv_-768x512.jpg 768w, https:\/\/fram.is\/wp-content\/uploads\/2014\/04\/4.fl_.kv_-1536x1024.jpg 1536w, https:\/\/fram.is\/wp-content\/uploads\/2014\/04\/4.fl_.kv_.jpg 1710w\" sizes=\"(max-width: 300px) 100vw, 300px\" \/><\/a><a href=\"http:\/\/fram.is\/wp-content\/uploads\/2014\/05\/2014_05_01_0596.jpg\"><img decoding=\"async\" class=\"alignright size-medium wp-image-7013\" alt=\"2014_05_01_0596\" src=\"http:\/\/fram.is\/wp-content\/uploads\/2014\/05\/2014_05_01_0596-300x200.jpg\" width=\"300\" height=\"200\" \/><\/a><a href=\"http:\/\/fram.is\/wp-content\/uploads\/2014\/04\/H\u00f3purinn-minni.jpg\"><img decoding=\"async\" class=\"alignright size-medium wp-image-6846\" alt=\"H\u00f3purinn minni\" src=\"http:\/\/fram.is\/wp-content\/uploads\/2014\/04\/H\u00f3purinn-minni-300x200.jpg\" width=\"300\" height=\"200\" srcset=\"https:\/\/fram.is\/wp-content\/uploads\/2014\/04\/H\u00f3purinn-minni-300x200.jpg 300w, https:\/\/fram.is\/wp-content\/uploads\/2014\/04\/H\u00f3purinn-minni.jpg 640w\" sizes=\"(max-width: 300px) 100vw, 300px\" \/><\/a>\u00dea\u00f0 er n\u00fana lj\u00f3st a\u00f0 vi\u00f0 FRAMarar eigum 3 li\u00f0 sem keppa til \u00farslita \u00e1 \u00cdslandsm\u00f3tinu \u00ed handbolta \u00e1 sunnudag en leiki\u00f0 ver\u00f0ur \u00ed \u00a0Austurbergi. Um er a\u00f0 r\u00e6\u00f0a gl\u00e6silegan endapunkt \u00e1 keppnist\u00edmabili yngri flokka \u00fear sem sigurvegarar vetrarins ver\u00f0a kr\u00fdndir.<\/p>\n<p><b><i>Leikjaplan sunnudagsins er h\u00e9r fyrir ne\u00f0an:<\/i><\/b><br \/>\nKl. 11:30\u00a0\u00a0\u00a0\u00a0 4.fl. kvenna yngri \u00a0\u00a0\u00a0\u00a0\u00a0 \u00a0\u00a0\u00a0\u00a0 FRAM \u2013 \u00cdBV\/HK<br \/>\nKl. 16:00\u00a0\u00a0\u00a0\u00a0 3.fl. karla\u00a0\u00a0\u00a0\u00a0\u00a0\u00a0\u00a0\u00a0\u00a0\u00a0\u00a0\u00a0\u00a0\u00a0\u00a0\u00a0\u00a0\u00a0\u00a0\u00a0\u00a0\u00a0\u00a0 FRAM \u2013 Valur<br \/>\nKl. 18:00\u00a0\u00a0\u00a0\u00a0 3.fl. kvenna\u00a0\u00a0\u00a0\u00a0\u00a0\u00a0\u00a0\u00a0\u00a0\u00a0\u00a0\u00a0\u00a0\u00a0\u00a0\u00a0\u00a0\u00a0\u00a0\u00a0 FRAM \u2013 Fylkir<\/p>\n<p>FRAMarar eru hvattir til a\u00f0 m\u00e6ta og sty\u00f0ja okkar efnilegu handboltai\u00f0kendur \u00e1 sunnudaginn \u00ed Austurbergi. \u00deeir sem ekki komast geta fylgst me\u00f0 \u00e1 Sport-TV.<\/p>\n<p>\u00c1fram FRAM!<\/p>","protected":false},"excerpt":{"rendered":"<p>\u00dea\u00f0 er n\u00fana lj\u00f3st a\u00f0 vi\u00f0 FRAMarar eigum 3 li\u00f0 sem keppa til \u00farslita \u00e1 \u00cdslandsm\u00f3tinu \u00ed handbolta \u00e1 sunnudag en leiki\u00f0 ver\u00f0ur \u00ed \u00a0Austurbergi. Um er a\u00f0 r\u00e6\u00f0a gl\u00e6silegan [&hellip;]<\/p>","protected":false},"author":4,"featured_media":6847,"comment_status":"open","ping_status":"open","sticky":false,"template":"","format":"standard","meta":{"_monsterinsights_skip_tracking":false,"_monsterinsights_sitenote_active":false,"_monsterinsights_sitenote_note":"","_monsterinsights_sitenote_category":0,"_jetpack_memberships_contains_paid_content":false,"footnotes":""},"categories":[6,15,19,24],"tags":[],"class_list":["post-7050","post","type-post","status-publish","format-standard","has-post-thumbnail","hentry","category-handbolti","category-mfl-kvenna","category-mfl-karla","category-2-flokkur-karla"],"jetpack_sharing_enabled":true,"jetpack_featured_media_url":"https:\/\/fram.is\/wp-content\/uploads\/2014\/04\/Bikarinn-\u00e1-loft-vefur-scaled.jpg","_links":{"self":[{"href":"https:\/\/fram.is\/is\/wp-json\/wp\/v2\/posts\/7050","targetHints":{"allow":["GET"]}}],"collection":[{"href":"https:\/\/fram.is\/is\/wp-json\/wp\/v2\/posts"}],"about":[{"href":"https:\/\/fram.is\/is\/wp-json\/wp\/v2\/types\/post"}],"author":[{"embeddable":true,"href":"https:\/\/fram.is\/is\/wp-json\/wp\/v2\/users\/4"}],"replies":[{"embeddable":true,"href":"https:\/\/fram.is\/is\/wp-json\/wp\/v2\/comments?post=7050"}],"version-history":[{"count":0,"href":"https:\/\/fram.is\/is\/wp-json\/wp\/v2\/posts\/7050\/revisions"}],"wp:featuredmedia":[{"embeddable":true,"href":"https:\/\/fram.is\/is\/wp-json\/wp\/v2\/media\/6847"}],"wp:attachment":[{"href":"https:\/\/fram.is\/is\/wp-json\/wp\/v2\/media?parent=7050"}],"wp:term":[{"taxonomy":"category","embeddable":true,"href":"https:\/\/fram.is\/is\/wp-json\/wp\/v2\/categories?post=7050"},{"taxonomy":"post_tag","embeddable":true,"href":"https:\/\/fram.is\/is\/wp-json\/wp\/v2\/tags?post=7050"}],"curies":[{"name":"wp","href":"https:\/\/api.w.org\/{rel}","templated":true}]}}