{"id":7054,"date":"2014-05-02T23:42:50","date_gmt":"2014-05-02T23:42:50","guid":{"rendered":"http:\/\/fram.is\/?p=7054"},"modified":"2014-05-02T23:42:50","modified_gmt":"2014-05-02T23:42:50","slug":"2-flokkur-fram-leikur-til-urslita-reykjavikurmotinu-knattspyrnu","status":"publish","type":"post","link":"https:\/\/fram.is\/is\/2014\/05\/02\/2-flokkur-fram-leikur-til-urslita-reykjavikurmotinu-knattspyrnu\/","title":{"rendered":"2.flokkur FRAM leikur til \u00farslita \u00e1 Reykjav\u00edkurm\u00f3tinu \u00ed knattspyrnu"},"content":{"rendered":"<p>Laugardaginn 3. ma\u00ed leikur 2.flokkur FRAM til \u00farslita \u00e1 Reykjav\u00edkurm\u00f3tinu \u00ed knattspyrnu.<\/p>\n<p>FRAM og KR eru j\u00f6fn a\u00f0 stigum fyrir lokaumfer\u00f0ina \u00ed \u00farslitakeppni Reykjav\u00edkurm\u00f3ts 2.flokks en \u00feessi li\u00f0 m\u00e6tast einmitt \u00ed lokaumfer\u00f0inni. \u00a0Leikurinn fer fram \u00e1 KR-velli og hefst kl. 16:00.<\/p>\n<p>Str\u00e1karnir hafa leiki\u00f0 vel undanfari\u00f0 og hafa einungis tapa\u00f0 einum leik \u00e1 \u00feessu t\u00edmabili. \u00a0S\u00e1 tapleikur var gegn \u00der\u00f3tti \u00ed n\u00f3vember. \u00a0S\u00ed\u00f0an \u00fe\u00e1 hafa str\u00e1karnir spila\u00f0 n\u00edu leiki, unni\u00f0 sj\u00f6 \u00feeirra og tv\u00edvegis gert jafntefli.<\/p>\n<p>Sta\u00f0an \u00ed \u00farslitakeppninni fyrir lokaumfer\u00f0ina:<\/p>\n<table id=\"stodu-tafla\" border=\"0\" cellspacing=\"0\">\n<tbody>\n<tr>\n<th><\/th>\n<th>F\u00c9LAG<\/th>\n<th>L<\/th>\n<th>U<\/th>\n<th>J<\/th>\n<th>T<\/th>\n<th>M\u00d6RK<\/th>\n<th>NET<\/th>\n<th>STIG<\/th>\n<\/tr>\n<tr>\n<td>1<\/td>\n<td><a href=\"http:\/\/www.ksi.is\/mot\/motalisti\/lid-i-moti\/?lid=108&amp;mot=32606\" target=\"_blank\" rel=\"noopener\">Fram<\/a><\/td>\n<td>2<\/td>\n<td>1<\/td>\n<td>1<\/td>\n<td>0<\/td>\n<td>\u00a0 3 \u00a0&#8211;\u00a0 \u00a0 1<\/td>\n<td>2<\/td>\n<td>4<\/td>\n<\/tr>\n<tr>\n<td>2<\/td>\n<td><a href=\"http:\/\/www.ksi.is\/mot\/motalisti\/lid-i-moti\/?lid=107&amp;mot=32606\" target=\"_blank\" rel=\"noopener\">KR<\/a><\/td>\n<td>2<\/td>\n<td>1<\/td>\n<td>1<\/td>\n<td>0<\/td>\n<td>\u00a0 6 \u00a0&#8211;\u00a0 \u00a0 5<\/td>\n<td>1<\/td>\n<td>4<\/td>\n<\/tr>\n<tr>\n<td>3<\/td>\n<td><a href=\"http:\/\/www.ksi.is\/mot\/motalisti\/lid-i-moti\/?lid=103&amp;mot=32606\" target=\"_blank\" rel=\"noopener\">V\u00edkingur R.<\/a><\/td>\n<td>2<\/td>\n<td>0<\/td>\n<td>1<\/td>\n<td>1<\/td>\n<td>\u00a0 2 \u00a0&#8211;\u00a0 \u00a0 3<\/td>\n<td>-1<\/td>\n<td>1<\/td>\n<\/tr>\n<tr>\n<td>4<\/td>\n<td><a href=\"http:\/\/www.ksi.is\/mot\/motalisti\/lid-i-moti\/?lid=104&amp;mot=32606\" target=\"_blank\" rel=\"noopener\">\u00der\u00f3ttur R.<\/a><\/td>\n<td>2<\/td>\n<td>0<\/td>\n<td>1<\/td>\n<td>1<\/td>\n<td>\u00a0 4 \u00a0&#8211;\u00a0 \u00a0 6<\/td>\n<td>-2<\/td>\n<td>1<\/td>\n<\/tr>\n<\/tbody>\n<\/table>\n<p>FRAMarar eru hvattir til a\u00f0 m\u00e6ta \u00e1 v\u00f6llinn og sty\u00f0ja okkar menn til sigurs.<\/p>\n<p>\u00c1fram FRAM!<\/p>","protected":false},"excerpt":{"rendered":"<p>Laugardaginn 3. ma\u00ed leikur 2.flokkur FRAM til \u00farslita \u00e1 Reykjav\u00edkurm\u00f3tinu \u00ed knattspyrnu. FRAM og KR eru j\u00f6fn a\u00f0 stigum fyrir lokaumfer\u00f0ina \u00ed \u00farslitakeppni Reykjav\u00edkurm\u00f3ts 2.flokks en \u00feessi li\u00f0 m\u00e6tast einmitt [&hellip;]<\/p>","protected":false},"author":6,"featured_media":6001,"comment_status":"open","ping_status":"open","sticky":false,"template":"","format":"standard","meta":{"_monsterinsights_skip_tracking":false,"_monsterinsights_sitenote_active":false,"_monsterinsights_sitenote_note":"","_monsterinsights_sitenote_category":0,"_jetpack_memberships_contains_paid_content":false,"footnotes":""},"categories":[9,13],"tags":[],"class_list":["post-7054","post","type-post","status-publish","format-standard","has-post-thumbnail","hentry","category-fotbolti","category-yngriflokkar"],"jetpack_sharing_enabled":true,"jetpack_featured_media_url":"https:\/\/fram.is\/wp-content\/uploads\/2014\/02\/Sigur\u00f0ur-\u00der\u00e1inn-Geirsson.jpg","_links":{"self":[{"href":"https:\/\/fram.is\/is\/wp-json\/wp\/v2\/posts\/7054","targetHints":{"allow":["GET"]}}],"collection":[{"href":"https:\/\/fram.is\/is\/wp-json\/wp\/v2\/posts"}],"about":[{"href":"https:\/\/fram.is\/is\/wp-json\/wp\/v2\/types\/post"}],"author":[{"embeddable":true,"href":"https:\/\/fram.is\/is\/wp-json\/wp\/v2\/users\/6"}],"replies":[{"embeddable":true,"href":"https:\/\/fram.is\/is\/wp-json\/wp\/v2\/comments?post=7054"}],"version-history":[{"count":0,"href":"https:\/\/fram.is\/is\/wp-json\/wp\/v2\/posts\/7054\/revisions"}],"wp:featuredmedia":[{"embeddable":true,"href":"https:\/\/fram.is\/is\/wp-json\/wp\/v2\/media\/6001"}],"wp:attachment":[{"href":"https:\/\/fram.is\/is\/wp-json\/wp\/v2\/media?parent=7054"}],"wp:term":[{"taxonomy":"category","embeddable":true,"href":"https:\/\/fram.is\/is\/wp-json\/wp\/v2\/categories?post=7054"},{"taxonomy":"post_tag","embeddable":true,"href":"https:\/\/fram.is\/is\/wp-json\/wp\/v2\/tags?post=7054"}],"curies":[{"name":"wp","href":"https:\/\/api.w.org\/{rel}","templated":true}]}}