{"id":7103,"date":"2014-05-03T23:03:01","date_gmt":"2014-05-03T23:03:01","guid":{"rendered":"http:\/\/fram.is\/?p=7103"},"modified":"2014-05-03T23:03:01","modified_gmt":"2014-05-03T23:03:01","slug":"2-fl-ka-reykjavikurmeistari-2014","status":"publish","type":"post","link":"https:\/\/fram.is\/is\/2014\/05\/03\/2-fl-ka-reykjavikurmeistari-2014\/","title":{"rendered":"2. fl. ka Reykjav\u00edkurmeistari 2014"},"content":{"rendered":"<p><a href=\"http:\/\/fram.is\/wp-content\/uploads\/2014\/05\/Reykjav\u00edkurmeistara-FRAM-\u00ed-f\u00f3tbolta.jpg\"><img fetchpriority=\"high\" decoding=\"async\" class=\"alignright size-full wp-image-7104\" alt=\"Reykjav\u00edkurmeistara FRAM \u00ed f\u00f3tbolta\" src=\"http:\/\/fram.is\/wp-content\/uploads\/2014\/05\/Reykjav\u00edkurmeistara-FRAM-\u00ed-f\u00f3tbolta.jpg\" width=\"960\" height=\"720\" srcset=\"https:\/\/fram.is\/wp-content\/uploads\/2014\/05\/Reykjav\u00edkurmeistara-FRAM-\u00ed-f\u00f3tbolta.jpg 960w, https:\/\/fram.is\/wp-content\/uploads\/2014\/05\/Reykjav\u00edkurmeistara-FRAM-\u00ed-f\u00f3tbolta-800x600.jpg 800w, https:\/\/fram.is\/wp-content\/uploads\/2014\/05\/Reykjav\u00edkurmeistara-FRAM-\u00ed-f\u00f3tbolta-300x225.jpg 300w, https:\/\/fram.is\/wp-content\/uploads\/2014\/05\/Reykjav\u00edkurmeistara-FRAM-\u00ed-f\u00f3tbolta-768x576.jpg 768w\" sizes=\"(max-width: 960px) 100vw, 960px\" \/><\/a><\/p>\n<p><b>2.fl.ka \u00ed FRAM var\u00f0 \u00ed dag Reykjav\u00edkurmeistari \u00ed f\u00f3tbolta karla. \u00a0Li\u00f0i\u00f0 l\u00e9k \u00ed dag vi\u00f0 KR hreinan \u00farslita leik um 1 s\u00e6ti\u00f0 \u00ed Reykjav\u00edk, en leiki\u00f0 var \u00ed vesturb\u00e6num.\u00a0 Eftir mikinn barning og pu\u00f0, \u00a0f\u00f3ru leikar \u00feannig a\u00f0 li\u00f0in skiptust \u00e1 skiptan hlut,\u00a0 lokat\u00f6lur 1-1. \u00deetta \u00fe\u00fd\u00f0ir a\u00f0 li\u00f0 FRAM \u00ed 2. fl.ka\u00a0 er Reykjav\u00edkurmeistari 2014 en li\u00f0i\u00f0 vinnur \u00e1 \u00a0betri markamun.<\/b><b>\u00a0<\/b><\/p>\n<p><b> Til hamingju drengir\u00a0<\/b><\/p>\n<p>\u00c1FRAM FRAM<\/p>","protected":false},"excerpt":{"rendered":"<p>2.fl.ka \u00ed FRAM var\u00f0 \u00ed dag Reykjav\u00edkurmeistari \u00ed f\u00f3tbolta karla. \u00a0Li\u00f0i\u00f0 l\u00e9k \u00ed dag vi\u00f0 KR hreinan \u00farslita leik um 1 s\u00e6ti\u00f0 \u00ed Reykjav\u00edk, en leiki\u00f0 var \u00ed vesturb\u00e6num.\u00a0 Eftir [&hellip;]<\/p>","protected":false},"author":4,"featured_media":7104,"comment_status":"open","ping_status":"open","sticky":false,"template":"","format":"standard","meta":{"_monsterinsights_skip_tracking":false,"_monsterinsights_sitenote_active":false,"_monsterinsights_sitenote_note":"","_monsterinsights_sitenote_category":0,"_jetpack_memberships_contains_paid_content":false,"footnotes":""},"categories":[9,13],"tags":[],"class_list":["post-7103","post","type-post","status-publish","format-standard","has-post-thumbnail","hentry","category-fotbolti","category-yngriflokkar"],"jetpack_sharing_enabled":true,"jetpack_featured_media_url":"https:\/\/fram.is\/wp-content\/uploads\/2014\/05\/Reykjav\u00edkurmeistara-FRAM-\u00ed-f\u00f3tbolta.jpg","_links":{"self":[{"href":"https:\/\/fram.is\/is\/wp-json\/wp\/v2\/posts\/7103","targetHints":{"allow":["GET"]}}],"collection":[{"href":"https:\/\/fram.is\/is\/wp-json\/wp\/v2\/posts"}],"about":[{"href":"https:\/\/fram.is\/is\/wp-json\/wp\/v2\/types\/post"}],"author":[{"embeddable":true,"href":"https:\/\/fram.is\/is\/wp-json\/wp\/v2\/users\/4"}],"replies":[{"embeddable":true,"href":"https:\/\/fram.is\/is\/wp-json\/wp\/v2\/comments?post=7103"}],"version-history":[{"count":0,"href":"https:\/\/fram.is\/is\/wp-json\/wp\/v2\/posts\/7103\/revisions"}],"wp:featuredmedia":[{"embeddable":true,"href":"https:\/\/fram.is\/is\/wp-json\/wp\/v2\/media\/7104"}],"wp:attachment":[{"href":"https:\/\/fram.is\/is\/wp-json\/wp\/v2\/media?parent=7103"}],"wp:term":[{"taxonomy":"category","embeddable":true,"href":"https:\/\/fram.is\/is\/wp-json\/wp\/v2\/categories?post=7103"},{"taxonomy":"post_tag","embeddable":true,"href":"https:\/\/fram.is\/is\/wp-json\/wp\/v2\/tags?post=7103"}],"curies":[{"name":"wp","href":"https:\/\/api.w.org\/{rel}","templated":true}]}}