{"id":7115,"date":"2014-05-04T01:31:31","date_gmt":"2014-05-04T01:31:31","guid":{"rendered":"http:\/\/fram.is\/?p=7115"},"modified":"2014-05-04T01:31:31","modified_gmt":"2014-05-04T01:31:31","slug":"leikmannakynning-arnar-freyr-arsaelsson","status":"publish","type":"post","link":"https:\/\/fram.is\/is\/2014\/05\/04\/leikmannakynning-arnar-freyr-arsaelsson\/","title":{"rendered":"Leikmannakynning &#8211; Arnar Freyr \u00c1rs\u00e6lsson"},"content":{"rendered":"<p><a href=\"http:\/\/fram.is\/wp-content\/uploads\/2014\/02\/freysi.jpg\"><img fetchpriority=\"high\" decoding=\"async\" class=\"wp-image-5844 alignleft\" alt=\"freysi\" src=\"http:\/\/fram.is\/wp-content\/uploads\/2014\/02\/freysi.jpg\" width=\"269\" height=\"269\" \/><\/a><strong>Fullt nafn:<\/strong> Arnar Freyr \u00c1rs\u00e6lsson<\/p>\n<p><strong>Starf\/n\u00e1m:<\/strong> Er a\u00f0 kl\u00e1ra Verzl\u00f3<\/p>\n<p><strong>G\u00e6lunafn:<\/strong> Freysi<\/p>\n<p><strong>Aldur:<\/strong> 19 \u00e1ra<\/p>\n<p><strong>Hj\u00faskaparsta\u00f0a?<\/strong> \u00d3titla\u00f0ur eiginma\u00f0ur<\/p>\n<p><strong>B\u00f6rn?<\/strong> Nei ekki svo gott<\/p>\n<p><strong>Af hverju FRAM?<\/strong> Uppeldisf\u00e9lagi\u00f0 mitt og st\u00f3rveldi\u00f0 \u00ed Reykjav\u00edk<\/p>\n<p><strong>Landsleikir:<\/strong> Yngri landsli\u00f0in, ekki kl\u00e1r hversu margir<\/p>\n<p><strong>Titlar:<\/strong> Flest allt \u00ed yngri flokkum<\/p>\n<p><strong>Hvernig s\u00edma \u00e1ttu?<\/strong> Samsung<\/p>\n<p><strong>Upp\u00e1haldssj\u00f3nvarpsefni?<\/strong> Breaking Bad og Suits standa upp \u00far!<\/p>\n<p><strong>Upp\u00e1halds vefs\u00ed\u00f0ur:<\/strong> Flest allt fj\u00f6lmi\u00f0latengt<\/p>\n<p><strong>Besta b\u00ed\u00f3myndin?<\/strong> Dumb and Dumber er efst \u00e1 lista<\/p>\n<p><strong>Hvernig t\u00f3nlist hlustar \u00fe\u00fa \u00e1?<\/strong> \u00c9g er al\u00e6ta \u00ed t\u00f3nlist. Allt fr\u00e1 svartasta rappi yfir \u00ed chillstep.<\/p>\n<p><strong>Upp\u00e1haldsdrykkur:<\/strong> Hva\u00f0 anna\u00f0 en Froosh!<\/p>\n<p><strong>Hva\u00f0 finnst \u00fe\u00e9r best a\u00f0 bor\u00f0a \u00e1 leikdegi?<\/strong> Bor\u00f0a mikla og g\u00f3\u00f0a m\u00e1lt\u00ed\u00f0 4 t\u00edmum fyrir leik og svo l\u00e9ttari 2 t\u00edmum fyrir.<\/p>\n<p><strong>Hva\u00f0a lag kemur \u00fe\u00e9r \u00ed g\u00edrinn fyrir leik?<\/strong> Eitthva\u00f0 lag sem \u00e9g hef hlusta\u00f0 \u00e1 oft \u00ed gegnum t\u00ed\u00f0ina eins og Narcotic e\u00f0a Who Gon Stop Me.<\/p>\n<p><strong>Ertu hj\u00e1tr\u00faarfull\/ur fyrir leiki?<\/strong> \u00c9g \u00e1 m\u00edna r\u00fat\u00ednu en h\u00fan er ekkert fl\u00f3kin. Tek \u00fev\u00ed yfirleitt r\u00f3lega \u00e1 leikdag.<\/p>\n<p><strong>Hver vinnur HM 2014 \u00ed f\u00f3tbolta:<\/strong> Langar a\u00f0 segja Belg\u00eda en \u00feeir vinna aldrei, svo \u00e9g segi Brasil\u00eda.<\/p>\n<p><strong>Hvernig er best a\u00f0 pirra andst\u00e6\u00f0inginn?<\/strong> Haha \u00f6rugglega best me\u00f0 \u00fev\u00ed a\u00f0 vera gr\u00f3fur.<\/p>\n<p><strong>Hva\u00f0a li\u00f0i myndir \u00fe\u00fa aldrei spila me\u00f0?<\/strong> Gr\u00f3ttu og FH<\/p>\n<p><strong>Hver var \u00e1tr\u00fana\u00f0argo\u00f0 \u00feitt \u00e1 yngri \u00e1rum?<\/strong> Hef eiginlega aldrei fylgst me\u00f0 handbolta \u00feannig \u00e9g segi bara Gu\u00f0j\u00f3n Valur.<\/p>\n<p><strong>Erfi\u00f0asti andst\u00e6\u00f0ingur?<\/strong> Hafsentapari\u00f0 Siffi og Stef\u00e1n Baldvin \u00ed f\u00f3tboltanum.<\/p>\n<p><strong>Ekki erfi\u00f0asti andst\u00e6\u00f0ingur?<\/strong> Raggi bled. Hef aldrei s\u00e9\u00f0 hann hlaupa, bara jogga.<\/p>\n<p><strong>Besti samherjinn?<\/strong> Stef\u00e1n Darri og svo hefur 94\u2018\u00e1rgangurinn veri\u00f0 virkilega \u00fe\u00e9ttur.<\/p>\n<p><strong>S\u00e6tasti sigurinn? <\/strong>Held a\u00f0 flestir sigrarnir okkar \u00e1 \u00feessu seasoni hafi veri\u00f0 s\u00e6tir.<\/p>\n<p><strong>Upp\u00e1haldsli\u00f0 \u00ed enska boltanum?<\/strong> Manchester United #bringbackmoyes<\/p>\n<p><strong>Besti \u00ed\u00fer\u00f3ttafr\u00e9ttama\u00f0urinn?<\/strong> Valtarinn og Dolli<\/p>\n<p><strong>Eitthva\u00f0 a\u00f0 lokum?<\/strong> Lokum \u00feessum lokum me\u00f0 lokum og lokum?<\/p>","protected":false},"excerpt":{"rendered":"<p>Fullt nafn: Arnar Freyr \u00c1rs\u00e6lsson Starf\/n\u00e1m: Er a\u00f0 kl\u00e1ra Verzl\u00f3 G\u00e6lunafn: Freysi Aldur: 19 \u00e1ra Hj\u00faskaparsta\u00f0a? \u00d3titla\u00f0ur eiginma\u00f0ur B\u00f6rn? Nei ekki svo gott Af hverju FRAM? Uppeldisf\u00e9lagi\u00f0 mitt og st\u00f3rveldi\u00f0 [&hellip;]<\/p>","protected":false},"author":3,"featured_media":7118,"comment_status":"open","ping_status":"open","sticky":false,"template":"","format":"standard","meta":{"_monsterinsights_skip_tracking":false,"_monsterinsights_sitenote_active":false,"_monsterinsights_sitenote_note":"","_monsterinsights_sitenote_category":0,"_jetpack_memberships_contains_paid_content":false,"footnotes":""},"categories":[25],"tags":[],"class_list":["post-7115","post","type-post","status-publish","format-standard","has-post-thumbnail","hentry","category-leikmannakynningar-mfl-karla"],"jetpack_sharing_enabled":true,"jetpack_featured_media_url":"https:\/\/fram.is\/wp-content\/uploads\/2014\/05\/freysiscaled.jpg","_links":{"self":[{"href":"https:\/\/fram.is\/is\/wp-json\/wp\/v2\/posts\/7115","targetHints":{"allow":["GET"]}}],"collection":[{"href":"https:\/\/fram.is\/is\/wp-json\/wp\/v2\/posts"}],"about":[{"href":"https:\/\/fram.is\/is\/wp-json\/wp\/v2\/types\/post"}],"author":[{"embeddable":true,"href":"https:\/\/fram.is\/is\/wp-json\/wp\/v2\/users\/3"}],"replies":[{"embeddable":true,"href":"https:\/\/fram.is\/is\/wp-json\/wp\/v2\/comments?post=7115"}],"version-history":[{"count":0,"href":"https:\/\/fram.is\/is\/wp-json\/wp\/v2\/posts\/7115\/revisions"}],"wp:featuredmedia":[{"embeddable":true,"href":"https:\/\/fram.is\/is\/wp-json\/wp\/v2\/media\/7118"}],"wp:attachment":[{"href":"https:\/\/fram.is\/is\/wp-json\/wp\/v2\/media?parent=7115"}],"wp:term":[{"taxonomy":"category","embeddable":true,"href":"https:\/\/fram.is\/is\/wp-json\/wp\/v2\/categories?post=7115"},{"taxonomy":"post_tag","embeddable":true,"href":"https:\/\/fram.is\/is\/wp-json\/wp\/v2\/tags?post=7115"}],"curies":[{"name":"wp","href":"https:\/\/api.w.org\/{rel}","templated":true}]}}