{"id":7126,"date":"2014-05-04T20:59:34","date_gmt":"2014-05-04T20:59:34","guid":{"rendered":"http:\/\/fram.is\/?p=7126"},"modified":"2014-05-04T20:59:34","modified_gmt":"2014-05-04T20:59:34","slug":"3-fl-kvenna-islandsmeistari-2014","status":"publish","type":"post","link":"https:\/\/fram.is\/is\/2014\/05\/04\/3-fl-kvenna-islandsmeistari-2014\/","title":{"rendered":"3. fl. kvenna \u00cdSLANDSMEISTARI 2014"},"content":{"rendered":"<p><a href=\"http:\/\/fram.is\/wp-content\/uploads\/2014\/04\/H\u00f3purinn-minni.jpg\"><img fetchpriority=\"high\" decoding=\"async\" class=\"alignright size-medium wp-image-6846\" alt=\"H\u00f3purinn minni\" src=\"http:\/\/fram.is\/wp-content\/uploads\/2014\/04\/H\u00f3purinn-minni-300x200.jpg\" width=\"300\" height=\"200\" srcset=\"https:\/\/fram.is\/wp-content\/uploads\/2014\/04\/H\u00f3purinn-minni-300x200.jpg 300w, https:\/\/fram.is\/wp-content\/uploads\/2014\/04\/H\u00f3purinn-minni.jpg 640w\" sizes=\"(max-width: 300px) 100vw, 300px\" \/><\/a>Stelpurnar okkar \u00ed 3. fl.kv. ur\u00f0u r\u00e9tt \u00ed \u00feessu \u00cdslandsmeistarar \u00ed handbolta eftir fr\u00e6kin sigur \u00e1 Fylki 26 -23 \u00ed hreint \u00f3tr\u00falegum leik. Stelpurnar okkar byrju\u00f0u leikinn \u00e1\u00e6tlega en \u00feegar lei\u00f0 \u00e1 h\u00e1lfleikinn f\u00f3r allt \u00ed bakl\u00e1s og Fylkir gekk \u00e1 lagi\u00f0, sta\u00f0an \u00ed h\u00e1lfleik 11 -17. \u00a0\u00dea\u00f0 var \u00fea\u00f0 sama upp \u00e1 teningnum \u00ed byrjun s\u00ed\u00f0ari h\u00e1lfleiks, Fylkir komst \u00ed 11-19 og \u00fatliti\u00f0 ekki gott. \u00a0En svo t\u00f3ku okkar st\u00falkur vi\u00f0 s\u00e9r og f\u00f3ru a\u00f0 spila eins \u00feeir eiga a\u00f0 s\u00e9r. \u00de\u00e6r einfaldlega \u00e1tu upp forskot Fylkis st\u00falkna og \u00feegar 10 m\u00edn voru eftir n\u00e1\u00f0um vi\u00f0 loks a\u00f0 jafna leikinn. \u00a0Stelpurnar l\u00e9tu ekki \u00fear vi\u00f0 sitja heldur kl\u00e1ru\u00f0u leikinn me\u00f0 st\u00e6l og unnu a\u00f0 lokum me\u00f0 3 marka mun 26 -23. Hreint \u00f3tr\u00falegt a\u00f0 sj\u00e1 stelpurnar kl\u00e1ra \u00feennan leik. Hekla R\u00fan var valinn ma\u00f0ur leiksins en h\u00fan l\u00e9k mj\u00f6g vel og ger\u00f0i a\u00f0 \u00e9g best veit ein 10 m\u00f6rk \u00ed leiknum.<\/p>\n<p>Gl\u00e6silegt stelpur og til hamingju me\u00f0 titilinn.<\/p>\n<p>Meira af myndum s\u00ed\u00f0ar<\/p>","protected":false},"excerpt":{"rendered":"<p>Stelpurnar okkar \u00ed 3. fl.kv. ur\u00f0u r\u00e9tt \u00ed \u00feessu \u00cdslandsmeistarar \u00ed handbolta eftir fr\u00e6kin sigur \u00e1 Fylki 26 -23 \u00ed hreint \u00f3tr\u00falegum leik. Stelpurnar okkar byrju\u00f0u leikinn \u00e1\u00e6tlega en \u00feegar [&hellip;]<\/p>","protected":false},"author":4,"featured_media":6847,"comment_status":"open","ping_status":"open","sticky":false,"template":"","format":"standard","meta":{"_monsterinsights_skip_tracking":false,"_monsterinsights_sitenote_active":false,"_monsterinsights_sitenote_note":"","_monsterinsights_sitenote_category":0,"_jetpack_memberships_contains_paid_content":false,"footnotes":""},"categories":[7,6],"tags":[],"class_list":["post-7126","post","type-post","status-publish","format-standard","has-post-thumbnail","hentry","category-yngri-flokkar","category-handbolti"],"jetpack_sharing_enabled":true,"jetpack_featured_media_url":"https:\/\/fram.is\/wp-content\/uploads\/2014\/04\/Bikarinn-\u00e1-loft-vefur-scaled.jpg","_links":{"self":[{"href":"https:\/\/fram.is\/is\/wp-json\/wp\/v2\/posts\/7126","targetHints":{"allow":["GET"]}}],"collection":[{"href":"https:\/\/fram.is\/is\/wp-json\/wp\/v2\/posts"}],"about":[{"href":"https:\/\/fram.is\/is\/wp-json\/wp\/v2\/types\/post"}],"author":[{"embeddable":true,"href":"https:\/\/fram.is\/is\/wp-json\/wp\/v2\/users\/4"}],"replies":[{"embeddable":true,"href":"https:\/\/fram.is\/is\/wp-json\/wp\/v2\/comments?post=7126"}],"version-history":[{"count":0,"href":"https:\/\/fram.is\/is\/wp-json\/wp\/v2\/posts\/7126\/revisions"}],"wp:featuredmedia":[{"embeddable":true,"href":"https:\/\/fram.is\/is\/wp-json\/wp\/v2\/media\/6847"}],"wp:attachment":[{"href":"https:\/\/fram.is\/is\/wp-json\/wp\/v2\/media?parent=7126"}],"wp:term":[{"taxonomy":"category","embeddable":true,"href":"https:\/\/fram.is\/is\/wp-json\/wp\/v2\/categories?post=7126"},{"taxonomy":"post_tag","embeddable":true,"href":"https:\/\/fram.is\/is\/wp-json\/wp\/v2\/tags?post=7126"}],"curies":[{"name":"wp","href":"https:\/\/api.w.org\/{rel}","templated":true}]}}