{"id":7233,"date":"2014-05-13T15:33:07","date_gmt":"2014-05-13T15:33:07","guid":{"rendered":"http:\/\/fram.is\/?p=7233"},"modified":"2014-05-13T15:33:07","modified_gmt":"2014-05-13T15:33:07","slug":"3-leikmenn-fra-fram-urtakshopi-u-16","status":"publish","type":"post","link":"https:\/\/fram.is\/is\/2014\/05\/13\/3-leikmenn-fra-fram-urtakshopi-u-16\/","title":{"rendered":"3 leikmenn fr\u00e1 FRAM \u00ed \u00fartaksh\u00f3pi U-16"},"content":{"rendered":"<p><a href=\"http:\/\/fram.is\/wp-content\/uploads\/2014\/02\/IMG_0797.jpg\"><img fetchpriority=\"high\" decoding=\"async\" class=\"alignright size-medium wp-image-6250\" alt=\"IMG_0797\" src=\"http:\/\/fram.is\/wp-content\/uploads\/2014\/02\/IMG_0797-300x200.jpg\" width=\"300\" height=\"200\" \/><\/a>Freyr Sverrisson \u00fej\u00e1lfari \u00a0U16 landsli\u00f0s \u00cdsland hefur n\u00fa vali\u00f0 h\u00f3p leikmanna \u00a0\u00e1 \u00fartaks\u00e6fingar \u00a0vegna U 16 li\u00f0s karla. \u00c6fingar fara fram um helgina og ver\u00f0ur \u00e6ft \u00ed K\u00f3rnum. Vi\u00f0 FRAMarar eru au\u00f0vita\u00f0 stoltir af \u00fev\u00ed a\u00f0 eiga 3 leikmenn \u00ed \u00feessu \u00fartaksh\u00f3pi a\u00f0 \u00feessu sinni. \u00deeir eru:<\/p>\n<p>Helgi Gu\u00f0j\u00f3nsson \u00a0\u00a0\u00a0\u00a0\u00a0\u00a0\u00a0\u00a0\u00a0\u00a0\u00a0\u00a0\u00a0\u00a0\u00a0\u00a0\u00a0\u00a0\u00a0\u00a0\u00a0\u00a0\u00a0\u00a0\u00a0\u00a0 Fram<br \/>\nMagn\u00fas Sn\u00e6r Dagbjartsson \u00a0\u00a0\u00a0\u00a0\u00a0\u00a0 Fram<br \/>\n\u00d3li Anton Bieltvedt \u00a0\u00a0\u00a0\u00a0\u00a0\u00a0\u00a0\u00a0\u00a0\u00a0\u00a0\u00a0\u00a0\u00a0\u00a0\u00a0\u00a0\u00a0\u00a0\u00a0\u00a0\u00a0\u00a0\u00a0 Fram<\/p>\n<p>Gangi ykkur vel drengir<\/p>","protected":false},"excerpt":{"rendered":"<p>Freyr Sverrisson \u00fej\u00e1lfari \u00a0U16 landsli\u00f0s \u00cdsland hefur n\u00fa vali\u00f0 h\u00f3p leikmanna \u00a0\u00e1 \u00fartaks\u00e6fingar \u00a0vegna U 16 li\u00f0s karla. \u00c6fingar fara fram um helgina og ver\u00f0ur \u00e6ft \u00ed K\u00f3rnum. Vi\u00f0 FRAMarar [&hellip;]<\/p>","protected":false},"author":4,"featured_media":6407,"comment_status":"open","ping_status":"open","sticky":false,"template":"","format":"standard","meta":{"_monsterinsights_skip_tracking":false,"_monsterinsights_sitenote_active":false,"_monsterinsights_sitenote_note":"","_monsterinsights_sitenote_category":0,"_jetpack_memberships_contains_paid_content":false,"footnotes":""},"categories":[9,13],"tags":[],"class_list":["post-7233","post","type-post","status-publish","format-standard","has-post-thumbnail","hentry","category-fotbolti","category-yngriflokkar"],"jetpack_sharing_enabled":true,"jetpack_featured_media_url":"https:\/\/fram.is\/wp-content\/uploads\/2014\/03\/Reykjav\u00edkur-\u00farvali\u00f0-2013-f\u00f3tbolti-oli.jpg","_links":{"self":[{"href":"https:\/\/fram.is\/is\/wp-json\/wp\/v2\/posts\/7233","targetHints":{"allow":["GET"]}}],"collection":[{"href":"https:\/\/fram.is\/is\/wp-json\/wp\/v2\/posts"}],"about":[{"href":"https:\/\/fram.is\/is\/wp-json\/wp\/v2\/types\/post"}],"author":[{"embeddable":true,"href":"https:\/\/fram.is\/is\/wp-json\/wp\/v2\/users\/4"}],"replies":[{"embeddable":true,"href":"https:\/\/fram.is\/is\/wp-json\/wp\/v2\/comments?post=7233"}],"version-history":[{"count":0,"href":"https:\/\/fram.is\/is\/wp-json\/wp\/v2\/posts\/7233\/revisions"}],"wp:featuredmedia":[{"embeddable":true,"href":"https:\/\/fram.is\/is\/wp-json\/wp\/v2\/media\/6407"}],"wp:attachment":[{"href":"https:\/\/fram.is\/is\/wp-json\/wp\/v2\/media?parent=7233"}],"wp:term":[{"taxonomy":"category","embeddable":true,"href":"https:\/\/fram.is\/is\/wp-json\/wp\/v2\/categories?post=7233"},{"taxonomy":"post_tag","embeddable":true,"href":"https:\/\/fram.is\/is\/wp-json\/wp\/v2\/tags?post=7233"}],"curies":[{"name":"wp","href":"https:\/\/api.w.org\/{rel}","templated":true}]}}