{"id":7235,"date":"2014-05-14T09:11:21","date_gmt":"2014-05-14T09:11:21","guid":{"rendered":"http:\/\/fram.is\/?p=7235"},"modified":"2014-05-14T09:11:21","modified_gmt":"2014-05-14T09:11:21","slug":"olafur-aegir-til-lids-vid-fram","status":"publish","type":"post","link":"https:\/\/fram.is\/is\/2014\/05\/14\/olafur-aegir-til-lids-vid-fram\/","title":{"rendered":"\u00d3lafur \u00c6gir til li\u00f0s vi\u00f0 Fram"},"content":{"rendered":"<p style=\"text-align: left;\" align=\"center\"><a href=\"http:\/\/fram.is\/wp-content\/uploads\/2014\/05\/Gulli-og-\u00d3li-\u00c6gir.jpg\"><img fetchpriority=\"high\" decoding=\"async\" class=\"alignright size-medium wp-image-7236\" alt=\"Gulli og  \u00d3li \u00c6gir\" src=\"http:\/\/fram.is\/wp-content\/uploads\/2014\/05\/Gulli-og-\u00d3li-\u00c6gir-300x260.jpg\" width=\"300\" height=\"260\" \/><\/a>\u00d6rvhenta skyttan, \u00d3lafur \u00c6gir \u00d3lafsson, \u00a0hefur gert samning vi\u00f0 Handknattleiksdeild Fram til n\u00e6stu tveggja \u00e1ra<\/p>\n<p>\u00d3lafur \u00c6gir \u00d3lafsson\u00a0 skrifa\u00f0i\u00a0 \u00ed g\u00e6r\u00a0 undir\u00a0 tveggja \u00e1ra samning vi\u00f0 FRAM. \u00d3lafur \u00c6gir er 18 \u00e1ra og uppalinn hj\u00e1 Gr\u00f3ttu \u00e1 Seltjarnarnesi. Hann hefur\u00a0 alla s\u00edna t\u00ed\u00f0 leiki\u00f0\u00a0 me\u00f0 Gr\u00f3ttu og fyrir meistaraflokk f\u00e9lagsins s\u00ed\u00f0astli\u00f0in fj\u00f6gur \u00e1r.<\/p>\n<p>\u00d3lafur \u00c6gir\u00a0 leikur \u00ed st\u00f6\u00f0u h\u00e6gri skyttu en hann er jafnframt li\u00f0t\u00e6kur hornama\u00f0ur. \u00der\u00e1tt fyrir ungan aldur er \u00d3lafur \u00c6gir afar \u00f6flugur leikma\u00f0ur sem hefur leiki\u00f0 me\u00f0 \u00f6llum yngri landsli\u00f0um \u00cdslands og n\u00fa s\u00ed\u00f0ast me\u00f0 U-20 \u00e1ra landsli\u00f0inu. \u00a0\u00a0\u00d3lafur \u00c6gir b\u00e6tist \u00ed h\u00f3p ungra og efnilegra leikmanna sem\u00a0 fyrir eru hj\u00e1\u00a0 FRAM og\u00a0mun kl\u00e1rlega styrkja h\u00f3pinn. F\u00e9lagi\u00f0 fagnar \u00fev\u00ed samningnum vi\u00f0 \u00d3laf \u00c6gi og hlakkar til samstarfsins.<\/p>\n<p>Gu\u00f0laugur Arnarsson, \u00fej\u00e1lfari meistaraflokks FRAM: &#8220;\u00c9g b\u00fd\u00f0 \u00d3laf \u00c6gi hjartanlega velkominn \u00ed h\u00f3pinn. Hann passar vel inn \u00ed \u00fea\u00f0 starf sem framundan er hj\u00e1 okkur \u00ed Safam\u00fdrinni. \u00c9g hef mikla tr\u00fa \u00e1 honum sem leikmanni og tel a\u00f0 hann geti b\u00e6\u00f0i styrkt li\u00f0i\u00f0 og vaxi\u00f0 sem leikma\u00f0ur hj\u00e1 FRAM.\u201d<\/p>\n<p>Handknattleiksdeild FRAM<\/p>","protected":false},"excerpt":{"rendered":"<p>\u00d6rvhenta skyttan, \u00d3lafur \u00c6gir \u00d3lafsson, \u00a0hefur gert samning vi\u00f0 Handknattleiksdeild Fram til n\u00e6stu tveggja \u00e1ra \u00d3lafur \u00c6gir \u00d3lafsson\u00a0 skrifa\u00f0i\u00a0 \u00ed g\u00e6r\u00a0 undir\u00a0 tveggja \u00e1ra samning vi\u00f0 FRAM. \u00d3lafur \u00c6gir er [&hellip;]<\/p>","protected":false},"author":4,"featured_media":7237,"comment_status":"open","ping_status":"open","sticky":false,"template":"","format":"standard","meta":{"_monsterinsights_skip_tracking":false,"_monsterinsights_sitenote_active":false,"_monsterinsights_sitenote_note":"","_monsterinsights_sitenote_category":0,"_jetpack_memberships_contains_paid_content":false,"footnotes":""},"categories":[6,19],"tags":[],"class_list":["post-7235","post","type-post","status-publish","format-standard","has-post-thumbnail","hentry","category-handbolti","category-mfl-karla"],"jetpack_sharing_enabled":true,"jetpack_featured_media_url":"https:\/\/fram.is\/wp-content\/uploads\/2014\/05\/Gulli-og-\u00d3li-vefur-scaled.jpg","_links":{"self":[{"href":"https:\/\/fram.is\/is\/wp-json\/wp\/v2\/posts\/7235","targetHints":{"allow":["GET"]}}],"collection":[{"href":"https:\/\/fram.is\/is\/wp-json\/wp\/v2\/posts"}],"about":[{"href":"https:\/\/fram.is\/is\/wp-json\/wp\/v2\/types\/post"}],"author":[{"embeddable":true,"href":"https:\/\/fram.is\/is\/wp-json\/wp\/v2\/users\/4"}],"replies":[{"embeddable":true,"href":"https:\/\/fram.is\/is\/wp-json\/wp\/v2\/comments?post=7235"}],"version-history":[{"count":0,"href":"https:\/\/fram.is\/is\/wp-json\/wp\/v2\/posts\/7235\/revisions"}],"wp:featuredmedia":[{"embeddable":true,"href":"https:\/\/fram.is\/is\/wp-json\/wp\/v2\/media\/7237"}],"wp:attachment":[{"href":"https:\/\/fram.is\/is\/wp-json\/wp\/v2\/media?parent=7235"}],"wp:term":[{"taxonomy":"category","embeddable":true,"href":"https:\/\/fram.is\/is\/wp-json\/wp\/v2\/categories?post=7235"},{"taxonomy":"post_tag","embeddable":true,"href":"https:\/\/fram.is\/is\/wp-json\/wp\/v2\/tags?post=7235"}],"curies":[{"name":"wp","href":"https:\/\/api.w.org\/{rel}","templated":true}]}}