{"id":7272,"date":"2014-05-18T00:46:36","date_gmt":"2014-05-18T00:46:36","guid":{"rendered":"http:\/\/fram.is\/?p=7272"},"modified":"2014-05-18T00:46:36","modified_gmt":"2014-05-18T00:46:36","slug":"stefan-darri-valinn-efnilegastur-lokahofi-hsi","status":"publish","type":"post","link":"https:\/\/fram.is\/is\/2014\/05\/18\/stefan-darri-valinn-efnilegastur-lokahofi-hsi\/","title":{"rendered":"Stef\u00e1n Darri valinn efnilegastur \u00e1 lokah\u00f3fi HS\u00cd"},"content":{"rendered":"<p><a href=\"http:\/\/fram.is\/wp-content\/uploads\/2014\/05\/HS\u00cd-2014-036.jpg\"><img fetchpriority=\"high\" decoding=\"async\" class=\"alignright size-medium wp-image-7273\" alt=\"HS\u00cd 2014 036\" src=\"http:\/\/fram.is\/wp-content\/uploads\/2014\/05\/HS\u00cd-2014-036-300x200.jpg\" width=\"300\" height=\"200\" \/><\/a>Stef\u00e1n Darri \u00de\u00f3rsson leikma\u00f0ur FRAM var \u00ed kv\u00f6ld valinn efnilegasti leikma\u00f0ur \u00cdslandsm\u00f3tsins \u00ed handbolta \u00e1 lokah\u00f3fi HS\u00cd sem haldi\u00f0 var \u00ed Gullh\u00f6mrum \u00ed kv\u00f6ld. Stef\u00e1n Darri sem er \u00e1 20 aldurs\u00e1ri hefur leiki\u00f0 vel fyrir FRAM \u00ed vetur og bori\u00f0 varnarleik li\u00f0sins uppi \u00a0eftir \u00fe\u00e6r miklu breytingar sem ur\u00f0u \u00e1 li\u00f0inu fr\u00e1 \u00fev\u00ed li\u00f0i\u00f0 var\u00f0 \u00cdslandsmeistari \u00e1 s\u00ed\u00f0ustu leikt\u00ed\u00f0. Til hamingju Stef\u00e1n \u00a0Darri.<\/p>","protected":false},"excerpt":{"rendered":"<p>Stef\u00e1n Darri \u00de\u00f3rsson leikma\u00f0ur FRAM var \u00ed kv\u00f6ld valinn efnilegasti leikma\u00f0ur \u00cdslandsm\u00f3tsins \u00ed handbolta \u00e1 lokah\u00f3fi HS\u00cd sem haldi\u00f0 var \u00ed Gullh\u00f6mrum \u00ed kv\u00f6ld. Stef\u00e1n Darri sem er \u00e1 20 [&hellip;]<\/p>","protected":false},"author":4,"featured_media":7040,"comment_status":"open","ping_status":"open","sticky":false,"template":"","format":"standard","meta":{"_monsterinsights_skip_tracking":false,"_monsterinsights_sitenote_active":false,"_monsterinsights_sitenote_note":"","_monsterinsights_sitenote_category":0,"_jetpack_memberships_contains_paid_content":false,"footnotes":""},"categories":[6,19],"tags":[],"class_list":["post-7272","post","type-post","status-publish","format-standard","has-post-thumbnail","hentry","category-handbolti","category-mfl-karla"],"jetpack_sharing_enabled":true,"jetpack_featured_media_url":"https:\/\/fram.is\/wp-content\/uploads\/2014\/05\/Stef\u00e1n-Darri-og-Helga-scaled.jpg","_links":{"self":[{"href":"https:\/\/fram.is\/is\/wp-json\/wp\/v2\/posts\/7272","targetHints":{"allow":["GET"]}}],"collection":[{"href":"https:\/\/fram.is\/is\/wp-json\/wp\/v2\/posts"}],"about":[{"href":"https:\/\/fram.is\/is\/wp-json\/wp\/v2\/types\/post"}],"author":[{"embeddable":true,"href":"https:\/\/fram.is\/is\/wp-json\/wp\/v2\/users\/4"}],"replies":[{"embeddable":true,"href":"https:\/\/fram.is\/is\/wp-json\/wp\/v2\/comments?post=7272"}],"version-history":[{"count":0,"href":"https:\/\/fram.is\/is\/wp-json\/wp\/v2\/posts\/7272\/revisions"}],"wp:featuredmedia":[{"embeddable":true,"href":"https:\/\/fram.is\/is\/wp-json\/wp\/v2\/media\/7040"}],"wp:attachment":[{"href":"https:\/\/fram.is\/is\/wp-json\/wp\/v2\/media?parent=7272"}],"wp:term":[{"taxonomy":"category","embeddable":true,"href":"https:\/\/fram.is\/is\/wp-json\/wp\/v2\/categories?post=7272"},{"taxonomy":"post_tag","embeddable":true,"href":"https:\/\/fram.is\/is\/wp-json\/wp\/v2\/tags?post=7272"}],"curies":[{"name":"wp","href":"https:\/\/api.w.org\/{rel}","templated":true}]}}